
{"id":11045,"date":"2012-03-09T07:25:22","date_gmt":"2012-03-09T06:25:22","guid":{"rendered":"http:\/\/adamczewscy.pl\/?p=3456"},"modified":"2012-03-09T07:25:22","modified_gmt":"2012-03-09T06:25:22","slug":"pieczen-w-galazkach-rozmarynu","status":"publish","type":"post","link":"https:\/\/blog.polityka.pl\/adamczewski\/2012\/03\/09\/pieczen-w-galazkach-rozmarynu\/","title":{"rendered":"Piecze\u0144 w ga\u0142\u0105zkach rozmarynu"},"content":{"rendered":"<p><em>Kawa\u0142ek wieprzowiny od szynki (wagi oko\u0142o 1 kg), 10 ga\u0142\u0105zek rozmarynu, s\u00f3l, pieprz, 2 \u0142y\u017cki oleju, 2 \u0142y\u017cki miodu<br \/>\n<\/em><br \/>\n1. Mi\u0119so umy\u0107, osuszy\u0107, natrze\u0107 pieprzem i sol\u0105 i ob\u0142o\u017cy\u0107 ga\u0142\u0105zkami rozmarynu, obwi\u0105za\u0107 nitk\u0105, przy okazji formuj\u0105c zgrabn\u0105, walcowat\u0105 piecze\u0144.<br \/>\n2. Obsma\u017cy\u0107 mi\u0119so na rozgrzanych 2 \u0142y\u017ckach oleju i wstawi\u0107 do piekarnika o temperaturze 175 st. C. Po p\u00f3\u0142 godzinie podla\u0107 szklank\u0105 wody i piec dalej.<br \/>\n3. Wymiesza\u0107 mi\u00f3d z du\u017c\u0105 szczypt\u0105 soli i pieprzu i po kolejnych 30 minutach posmarowa\u0107 wierzch mi\u0119sa t\u0105 mieszank\u0105. Piec jeszcze co najmniej 45 minut a w razie potrzeby nieco d\u0142u\u017cej. <\/p>\n","protected":false},"excerpt":{"rendered":"<p>Kawa\u0142ek wieprzowiny od szynki (wagi oko\u0142o 1 kg), 10 ga\u0142\u0105zek rozmarynu, s\u00f3l, pieprz, 2 \u0142y\u017cki oleju, 2 \u0142y\u017cki miodu 1. Mi\u0119so umy\u0107, osuszy\u0107, natrze\u0107 pieprzem i sol\u0105 i ob\u0142o\u017cy\u0107 ga\u0142\u0105zkami rozmarynu, obwi\u0105za\u0107 nitk\u0105, przy okazji formuj\u0105c zgrabn\u0105, walcowat\u0105 piecze\u0144. 2. Obsma\u017cy\u0107 mi\u0119so na rozgrzanych 2 \u0142y\u017ckach oleju i wstawi\u0107 do piekarnika o temperaturze 175 st. [&hellip;]<\/p>\n","protected":false},"author":2,"featured_media":0,"comment_status":"open","ping_status":"open","sticky":false,"template":"","format":"standard","meta":{"footnotes":""},"categories":[1],"tags":[],"_links":{"self":[{"href":"https:\/\/blog.polityka.pl\/adamczewski\/wp-json\/wp\/v2\/posts\/11045"}],"collection":[{"href":"https:\/\/blog.polityka.pl\/adamczewski\/wp-json\/wp\/v2\/posts"}],"about":[{"href":"https:\/\/blog.polityka.pl\/adamczewski\/wp-json\/wp\/v2\/types\/post"}],"author":[{"embeddable":true,"href":"https:\/\/blog.polityka.pl\/adamczewski\/wp-json\/wp\/v2\/users\/2"}],"replies":[{"embeddable":true,"href":"https:\/\/blog.polityka.pl\/adamczewski\/wp-json\/wp\/v2\/comments?post=11045"}],"version-history":[{"count":0,"href":"https:\/\/blog.polityka.pl\/adamczewski\/wp-json\/wp\/v2\/posts\/11045\/revisions"}],"wp:attachment":[{"href":"https:\/\/blog.polityka.pl\/adamczewski\/wp-json\/wp\/v2\/media?parent=11045"}],"wp:term":[{"taxonomy":"category","embeddable":true,"href":"https:\/\/blog.polityka.pl\/adamczewski\/wp-json\/wp\/v2\/categories?post=11045"},{"taxonomy":"post_tag","embeddable":true,"href":"https:\/\/blog.polityka.pl\/adamczewski\/wp-json\/wp\/v2\/tags?post=11045"}],"curies":[{"name":"wp","href":"https:\/\/api.w.org\/{rel}","templated":true}]}}