
{"id":11046,"date":"2012-03-09T07:26:15","date_gmt":"2012-03-09T06:26:15","guid":{"rendered":"http:\/\/adamczewscy.pl\/?p=3457"},"modified":"2012-03-09T07:26:15","modified_gmt":"2012-03-09T06:26:15","slug":"kielbaskowe-szaszlyki","status":"publish","type":"post","link":"https:\/\/blog.polityka.pl\/adamczewski\/2012\/03\/09\/kielbaskowe-szaszlyki\/","title":{"rendered":"Kie\u0142baskowe szasz\u0142yki"},"content":{"rendered":"<p><em>4 kawa\u0142ki bia\u0142ej kie\u0142basy, czerwona i pomara\u0144czowa papryka, \u0142y\u017cka listk\u00f3w bazylii, p\u0119czek dymki<\/em><\/p>\n<p>1. Papryki oczy\u015bci\u0107, ka\u017cd\u0105 pokroi\u0107 na  8 kawa\u0142k\u00f3w, dymki pokroi\u0107 na po\u0142\u00f3wki lub \u0107wiartki, kie\u0142baski na plastry dwucentymetrowej grubo\u015bci.<br \/>\n2. Na patyczki do szasz\u0142yk\u00f3w nadziewa\u0107 po kolei poszczeg\u00f3lne sk\u0142adniki.<br \/>\n3. Rozgrza\u0107 piekarnik w\u0142\u0105czaj\u0105c funkcj\u0119 grilla. Zapieka\u0107 kie\u0142baski kilkana\u015bcie minut, kilkakrotnie odwracaj\u0105c je, a\u017c kie\u0142basa si\u0119 z ka\u017cdej strony zrumieni i nie b\u0119dzie surowa.<br \/>\nSzasz\u0142yki takie podawa\u0107 z ry\u017cem wymieszanym z konserwowym groszkiem. <\/p>\n","protected":false},"excerpt":{"rendered":"<p>4 kawa\u0142ki bia\u0142ej kie\u0142basy, czerwona i pomara\u0144czowa papryka, \u0142y\u017cka listk\u00f3w bazylii, p\u0119czek dymki 1. Papryki oczy\u015bci\u0107, ka\u017cd\u0105 pokroi\u0107 na 8 kawa\u0142k\u00f3w, dymki pokroi\u0107 na po\u0142\u00f3wki lub \u0107wiartki, kie\u0142baski na plastry dwucentymetrowej grubo\u015bci. 2. Na patyczki do szasz\u0142yk\u00f3w nadziewa\u0107 po kolei poszczeg\u00f3lne sk\u0142adniki. 3. Rozgrza\u0107 piekarnik w\u0142\u0105czaj\u0105c funkcj\u0119 grilla. Zapieka\u0107 kie\u0142baski kilkana\u015bcie minut, kilkakrotnie odwracaj\u0105c je, [&hellip;]<\/p>\n","protected":false},"author":2,"featured_media":0,"comment_status":"open","ping_status":"open","sticky":false,"template":"","format":"standard","meta":{"footnotes":""},"categories":[1],"tags":[],"_links":{"self":[{"href":"https:\/\/blog.polityka.pl\/adamczewski\/wp-json\/wp\/v2\/posts\/11046"}],"collection":[{"href":"https:\/\/blog.polityka.pl\/adamczewski\/wp-json\/wp\/v2\/posts"}],"about":[{"href":"https:\/\/blog.polityka.pl\/adamczewski\/wp-json\/wp\/v2\/types\/post"}],"author":[{"embeddable":true,"href":"https:\/\/blog.polityka.pl\/adamczewski\/wp-json\/wp\/v2\/users\/2"}],"replies":[{"embeddable":true,"href":"https:\/\/blog.polityka.pl\/adamczewski\/wp-json\/wp\/v2\/comments?post=11046"}],"version-history":[{"count":0,"href":"https:\/\/blog.polityka.pl\/adamczewski\/wp-json\/wp\/v2\/posts\/11046\/revisions"}],"wp:attachment":[{"href":"https:\/\/blog.polityka.pl\/adamczewski\/wp-json\/wp\/v2\/media?parent=11046"}],"wp:term":[{"taxonomy":"category","embeddable":true,"href":"https:\/\/blog.polityka.pl\/adamczewski\/wp-json\/wp\/v2\/categories?post=11046"},{"taxonomy":"post_tag","embeddable":true,"href":"https:\/\/blog.polityka.pl\/adamczewski\/wp-json\/wp\/v2\/tags?post=11046"}],"curies":[{"name":"wp","href":"https:\/\/api.w.org\/{rel}","templated":true}]}}