
{"id":11047,"date":"2012-03-09T07:27:59","date_gmt":"2012-03-09T06:27:59","guid":{"rendered":"http:\/\/adamczewscy.pl\/?p=3458"},"modified":"2012-03-09T07:27:59","modified_gmt":"2012-03-09T06:27:59","slug":"baba-orzechowa","status":"publish","type":"post","link":"https:\/\/blog.polityka.pl\/adamczewski\/2012\/03\/09\/baba-orzechowa\/","title":{"rendered":"Baba orzechowa"},"content":{"rendered":"<p><em>1,75 szklanki m\u0105ki, \u0142y\u017cka proszku do pieczenia, 1,5 szklanki cukru, 10 dag mielonych orzech\u00f3w, 5 \u0142y\u017cek \u015bmietany (mo\u017cna j\u0105 zast\u0105pi\u0107 mlekiem), 25 dag mas\u0142a, 5 jajek<br \/>\nDo wysmarowania formy: \u0142y\u017ceczka mas\u0142a<br \/>\nDo posypania babki: \u0142y\u017cka cukru pudru<br \/>\n<\/em><br \/>\n1. Utrze\u0107 mas\u0142o, cukier,  jajko i 4 \u017c\u00f3\u0142tka. Doda\u0107 \u015bmietan\u0119 lub mleko oraz m\u0105k\u0119 wymieszan\u0105 z proszkiem do pieczenia oraz mielone orzechy.<br \/>\n2. Ubi\u0107 pian\u0119 z bia\u0142ek, delikatnie wymiesza\u0107 z ciastem.<br \/>\n3. Wysmarowa\u0107 mas\u0142em foremk\u0119, prze\u0142o\u017cy\u0107 ciasto i w piekarniku nagrzanym do 175 st. C piec oko\u0142o 50 minut.<br \/>\n4. Upieczon\u0105 babk\u0119 posypa\u0107 cukrem pudrem. <\/p>\n","protected":false},"excerpt":{"rendered":"<p>1,75 szklanki m\u0105ki, \u0142y\u017cka proszku do pieczenia, 1,5 szklanki cukru, 10 dag mielonych orzech\u00f3w, 5 \u0142y\u017cek \u015bmietany (mo\u017cna j\u0105 zast\u0105pi\u0107 mlekiem), 25 dag mas\u0142a, 5 jajek Do wysmarowania formy: \u0142y\u017ceczka mas\u0142a Do posypania babki: \u0142y\u017cka cukru pudru 1. Utrze\u0107 mas\u0142o, cukier, jajko i 4 \u017c\u00f3\u0142tka. Doda\u0107 \u015bmietan\u0119 lub mleko oraz m\u0105k\u0119 wymieszan\u0105 z proszkiem do [&hellip;]<\/p>\n","protected":false},"author":2,"featured_media":0,"comment_status":"open","ping_status":"open","sticky":false,"template":"","format":"standard","meta":{"footnotes":""},"categories":[1],"tags":[],"_links":{"self":[{"href":"https:\/\/blog.polityka.pl\/adamczewski\/wp-json\/wp\/v2\/posts\/11047"}],"collection":[{"href":"https:\/\/blog.polityka.pl\/adamczewski\/wp-json\/wp\/v2\/posts"}],"about":[{"href":"https:\/\/blog.polityka.pl\/adamczewski\/wp-json\/wp\/v2\/types\/post"}],"author":[{"embeddable":true,"href":"https:\/\/blog.polityka.pl\/adamczewski\/wp-json\/wp\/v2\/users\/2"}],"replies":[{"embeddable":true,"href":"https:\/\/blog.polityka.pl\/adamczewski\/wp-json\/wp\/v2\/comments?post=11047"}],"version-history":[{"count":0,"href":"https:\/\/blog.polityka.pl\/adamczewski\/wp-json\/wp\/v2\/posts\/11047\/revisions"}],"wp:attachment":[{"href":"https:\/\/blog.polityka.pl\/adamczewski\/wp-json\/wp\/v2\/media?parent=11047"}],"wp:term":[{"taxonomy":"category","embeddable":true,"href":"https:\/\/blog.polityka.pl\/adamczewski\/wp-json\/wp\/v2\/categories?post=11047"},{"taxonomy":"post_tag","embeddable":true,"href":"https:\/\/blog.polityka.pl\/adamczewski\/wp-json\/wp\/v2\/tags?post=11047"}],"curies":[{"name":"wp","href":"https:\/\/api.w.org\/{rel}","templated":true}]}}