
{"id":11050,"date":"2012-03-16T07:26:27","date_gmt":"2012-03-16T06:26:27","guid":{"rendered":"http:\/\/adamczewscy.pl\/?p=3462"},"modified":"2012-03-16T07:26:27","modified_gmt":"2012-03-16T06:26:27","slug":"pieczone-ziemniaki-z-farszem","status":"publish","type":"post","link":"https:\/\/blog.polityka.pl\/adamczewski\/2012\/03\/16\/pieczone-ziemniaki-z-farszem\/","title":{"rendered":"Pieczone ziemniaki z farszem"},"content":{"rendered":"<p><em>6 du\u017cych ziemniak\u00f3w do pieczenia<br \/>\nNa farsz:20 dag mielonej wieprzowiny, cebula, 2 \u0142y\u017cki oleju, 4 \u0142y\u017cki koncentratu pomidorowego, 3 \u0142y\u017cki pokrojonego w bardzo drobn\u0105 kostk\u0119 w\u0119dzonego boczku, 4 \u0142y\u017cki startego parmezanu, 2 \u0142y\u017cki siekanej zielonej pietruszki, s\u00f3l, pieprz<br \/>\n<\/em><br \/>\n1. Ziemniaki starannie wyszorowa\u0107, u\u0142o\u017cy\u0107 (bez obierania) w piekarniku i piec oko\u0142o 50 minut, a\u017c b\u0119d\u0105 mi\u0119kkie. Lekko ostudzi\u0107. Odci\u0105\u0107 wzd\u0142u\u017c ?czapeczk\u0119?, wydr\u0105\u017cy\u0107 mi\u0105\u017csz.<br \/>\n2. Na oleju podsma\u017cy\u0107 posiekan\u0105 cebul\u0119, doda\u0107 mi\u0119so, podsma\u017cy\u0107 dodaj\u0105c pokrojony boczek i koncentrat, s\u00f3l, pieprz.<br \/>\n3. Mi\u0119snym farszem nape\u0142ni\u0107 wydr\u0105\u017cone ziemniaki, posypa\u0107 startym parmezanem i zapieka\u0107 10-15 minut w nagrzanym do 180 st. C piekarniku. Podaj\u0105c posypa\u0107 siekana zielon\u0105 pietruszk\u0105. <\/p>\n","protected":false},"excerpt":{"rendered":"<p>6 du\u017cych ziemniak\u00f3w do pieczenia Na farsz:20 dag mielonej wieprzowiny, cebula, 2 \u0142y\u017cki oleju, 4 \u0142y\u017cki koncentratu pomidorowego, 3 \u0142y\u017cki pokrojonego w bardzo drobn\u0105 kostk\u0119 w\u0119dzonego boczku, 4 \u0142y\u017cki startego parmezanu, 2 \u0142y\u017cki siekanej zielonej pietruszki, s\u00f3l, pieprz 1. Ziemniaki starannie wyszorowa\u0107, u\u0142o\u017cy\u0107 (bez obierania) w piekarniku i piec oko\u0142o 50 minut, a\u017c b\u0119d\u0105 mi\u0119kkie. [&hellip;]<\/p>\n","protected":false},"author":2,"featured_media":0,"comment_status":"open","ping_status":"open","sticky":false,"template":"","format":"standard","meta":{"footnotes":""},"categories":[1],"tags":[],"_links":{"self":[{"href":"https:\/\/blog.polityka.pl\/adamczewski\/wp-json\/wp\/v2\/posts\/11050"}],"collection":[{"href":"https:\/\/blog.polityka.pl\/adamczewski\/wp-json\/wp\/v2\/posts"}],"about":[{"href":"https:\/\/blog.polityka.pl\/adamczewski\/wp-json\/wp\/v2\/types\/post"}],"author":[{"embeddable":true,"href":"https:\/\/blog.polityka.pl\/adamczewski\/wp-json\/wp\/v2\/users\/2"}],"replies":[{"embeddable":true,"href":"https:\/\/blog.polityka.pl\/adamczewski\/wp-json\/wp\/v2\/comments?post=11050"}],"version-history":[{"count":0,"href":"https:\/\/blog.polityka.pl\/adamczewski\/wp-json\/wp\/v2\/posts\/11050\/revisions"}],"wp:attachment":[{"href":"https:\/\/blog.polityka.pl\/adamczewski\/wp-json\/wp\/v2\/media?parent=11050"}],"wp:term":[{"taxonomy":"category","embeddable":true,"href":"https:\/\/blog.polityka.pl\/adamczewski\/wp-json\/wp\/v2\/categories?post=11050"},{"taxonomy":"post_tag","embeddable":true,"href":"https:\/\/blog.polityka.pl\/adamczewski\/wp-json\/wp\/v2\/tags?post=11050"}],"curies":[{"name":"wp","href":"https:\/\/api.w.org\/{rel}","templated":true}]}}