
{"id":11051,"date":"2012-03-16T07:27:28","date_gmt":"2012-03-16T06:27:28","guid":{"rendered":"http:\/\/adamczewscy.pl\/?p=3463"},"modified":"2012-03-16T07:27:28","modified_gmt":"2012-03-16T06:27:28","slug":"niezwykle-ciasto-drozdzowe","status":"publish","type":"post","link":"https:\/\/blog.polityka.pl\/adamczewski\/2012\/03\/16\/niezwykle-ciasto-drozdzowe\/","title":{"rendered":"Niezwyk\u0142e ciasto dro\u017cd\u017cowe"},"content":{"rendered":"<p><em>10 dag dro\u017cd\u017cy, szklanka cukru, 4 ca\u0142e jajka, 3\/4 szklanki mleka, szklanka oleju, 4 szklanki m\u0105ki, 1\/2 szklanki rodzynek, 2 \u0142y\u017cki siekanej sk\u00f3rki pomara\u0144czowej sma\u017conej w cukrze<br \/>\nDo posmarowania formy: \u0142y\u017cka mas\u0142a<br \/>\n<\/em><br \/>\n1. Do sporej miski wrzuci\u0107 po kolei podane wy\u017cej sk\u0142adniki (nie wolno zmieni\u0107 kolejno\u015bci). Okry\u0107 misk\u0119 czyst\u0105 \u015bciereczk\u0105 i odstawi\u0107 (nie mieszaj\u0105c) na 7 godzin.<br \/>\n2. Po up\u0142ywie tego czasu wyrobi\u0107 albo raczej wymiesza\u0107 ciasto r\u0119k\u0105, doda\u0107 rodzynki i pomara\u0144czow\u0105 sk\u00f3rk\u0119.<br \/>\n3. Wysmarowa\u0107 mas\u0142em prostok\u0105tn\u0105 blaszk\u0119, wy\u0142o\u017cy\u0107 ciasto i upiec w nagrzanym do 180 st. C piekarniku. <\/p>\n","protected":false},"excerpt":{"rendered":"<p>10 dag dro\u017cd\u017cy, szklanka cukru, 4 ca\u0142e jajka, 3\/4 szklanki mleka, szklanka oleju, 4 szklanki m\u0105ki, 1\/2 szklanki rodzynek, 2 \u0142y\u017cki siekanej sk\u00f3rki pomara\u0144czowej sma\u017conej w cukrze Do posmarowania formy: \u0142y\u017cka mas\u0142a 1. Do sporej miski wrzuci\u0107 po kolei podane wy\u017cej sk\u0142adniki (nie wolno zmieni\u0107 kolejno\u015bci). Okry\u0107 misk\u0119 czyst\u0105 \u015bciereczk\u0105 i odstawi\u0107 (nie mieszaj\u0105c) na [&hellip;]<\/p>\n","protected":false},"author":2,"featured_media":0,"comment_status":"open","ping_status":"open","sticky":false,"template":"","format":"standard","meta":{"footnotes":""},"categories":[1],"tags":[],"_links":{"self":[{"href":"https:\/\/blog.polityka.pl\/adamczewski\/wp-json\/wp\/v2\/posts\/11051"}],"collection":[{"href":"https:\/\/blog.polityka.pl\/adamczewski\/wp-json\/wp\/v2\/posts"}],"about":[{"href":"https:\/\/blog.polityka.pl\/adamczewski\/wp-json\/wp\/v2\/types\/post"}],"author":[{"embeddable":true,"href":"https:\/\/blog.polityka.pl\/adamczewski\/wp-json\/wp\/v2\/users\/2"}],"replies":[{"embeddable":true,"href":"https:\/\/blog.polityka.pl\/adamczewski\/wp-json\/wp\/v2\/comments?post=11051"}],"version-history":[{"count":0,"href":"https:\/\/blog.polityka.pl\/adamczewski\/wp-json\/wp\/v2\/posts\/11051\/revisions"}],"wp:attachment":[{"href":"https:\/\/blog.polityka.pl\/adamczewski\/wp-json\/wp\/v2\/media?parent=11051"}],"wp:term":[{"taxonomy":"category","embeddable":true,"href":"https:\/\/blog.polityka.pl\/adamczewski\/wp-json\/wp\/v2\/categories?post=11051"},{"taxonomy":"post_tag","embeddable":true,"href":"https:\/\/blog.polityka.pl\/adamczewski\/wp-json\/wp\/v2\/tags?post=11051"}],"curies":[{"name":"wp","href":"https:\/\/api.w.org\/{rel}","templated":true}]}}