
{"id":11052,"date":"2012-03-16T07:28:30","date_gmt":"2012-03-16T06:28:30","guid":{"rendered":"http:\/\/adamczewscy.pl\/?p=3464"},"modified":"2012-03-16T07:28:30","modified_gmt":"2012-03-16T06:28:30","slug":"sernik-warstwowy","status":"publish","type":"post","link":"https:\/\/blog.polityka.pl\/adamczewski\/2012\/03\/16\/sernik-warstwowy\/","title":{"rendered":"Sernik warstwowy"},"content":{"rendered":"<p><em>Na ciasto: 2,5 szklanki m\u0105ki, 3 \u0142y\u017cki \u015bmietany, 3 \u017c\u00f3\u0142tka, szklanka cukru pudru, kostka mas\u0142a, 2 p\u0142askie \u0142y\u017ceczki proszku do pieczenia, 2 \u0142y\u017cki kakao<br \/>\nNa mas\u0119 serow\u0105:1 kg sera mielonego na serniki, 15 dag mas\u0142a, 1 i 1\/3 szklanki cukru pudru, torebka budyniu waniliowego (bez cukru), 2 jajka, 2 \u017c\u00f3\u0142tka, szklanka mleka<br \/>\n<\/em><br \/>\n1. Posieka\u0107 m\u0105k\u0119 z mas\u0142em, doda\u0107 pozosta\u0142e sk\u0142adniki, zagnie\u015b\u0107 ciasto i jedn\u0105 wymiesza\u0107 z 2 \u0142y\u017ceczkami kakao. Owin\u0105\u0107 foli\u0105 spo\u017cywcz\u0105 i w\u0142o\u017cy\u0107 do lod\u00f3wki na godzin\u0119.<br \/>\n2. Z ciasta uformowa\u0107 4 jednakowej wielko\u015bci placki (w tortownicy lub prostok\u0105tnej formie), upiec ka\u017cdy placek osobno.<br \/>\n3. Przygotowa\u0107 mas\u0119 serow\u0105: rozpu\u015bci c w garnku mas\u0142o, doda\u0107 cukier i ser, wla\u0107 mleko rozmieszane z budyniem oraz lekko ubite widelcem jajka i \u017c\u00f3\u0142tka. Ca\u0142o\u015b\u0107 zagotowa\u0107 i gotowa\u0107 5 minut energicznie mieszaj\u0105c.<br \/>\n4. Gor\u0105c\u0105 mas\u0105 przek\u0142ada\u0107 upieczone uprzednio placki,  ostudzony i dok\u0142adnie okryty sernik umie\u015bci\u0107 w lod\u00f3wce na kilka godzin, aby zastyg\u0142.<br \/>\nPrzed podaniem mo\u017cna pola\u0107 wierzch stopion\u0105 w kuchence mikrofalowej po\u0142\u00f3wk\u0105 tabliczki mlecznej czekolady lub po prostu posypa\u0107 lekko cukrem pudrem. <\/p>\n","protected":false},"excerpt":{"rendered":"<p>Na ciasto: 2,5 szklanki m\u0105ki, 3 \u0142y\u017cki \u015bmietany, 3 \u017c\u00f3\u0142tka, szklanka cukru pudru, kostka mas\u0142a, 2 p\u0142askie \u0142y\u017ceczki proszku do pieczenia, 2 \u0142y\u017cki kakao Na mas\u0119 serow\u0105:1 kg sera mielonego na serniki, 15 dag mas\u0142a, 1 i 1\/3 szklanki cukru pudru, torebka budyniu waniliowego (bez cukru), 2 jajka, 2 \u017c\u00f3\u0142tka, szklanka mleka 1. Posieka\u0107 m\u0105k\u0119 [&hellip;]<\/p>\n","protected":false},"author":2,"featured_media":0,"comment_status":"open","ping_status":"open","sticky":false,"template":"","format":"standard","meta":{"footnotes":""},"categories":[1],"tags":[],"_links":{"self":[{"href":"https:\/\/blog.polityka.pl\/adamczewski\/wp-json\/wp\/v2\/posts\/11052"}],"collection":[{"href":"https:\/\/blog.polityka.pl\/adamczewski\/wp-json\/wp\/v2\/posts"}],"about":[{"href":"https:\/\/blog.polityka.pl\/adamczewski\/wp-json\/wp\/v2\/types\/post"}],"author":[{"embeddable":true,"href":"https:\/\/blog.polityka.pl\/adamczewski\/wp-json\/wp\/v2\/users\/2"}],"replies":[{"embeddable":true,"href":"https:\/\/blog.polityka.pl\/adamczewski\/wp-json\/wp\/v2\/comments?post=11052"}],"version-history":[{"count":0,"href":"https:\/\/blog.polityka.pl\/adamczewski\/wp-json\/wp\/v2\/posts\/11052\/revisions"}],"wp:attachment":[{"href":"https:\/\/blog.polityka.pl\/adamczewski\/wp-json\/wp\/v2\/media?parent=11052"}],"wp:term":[{"taxonomy":"category","embeddable":true,"href":"https:\/\/blog.polityka.pl\/adamczewski\/wp-json\/wp\/v2\/categories?post=11052"},{"taxonomy":"post_tag","embeddable":true,"href":"https:\/\/blog.polityka.pl\/adamczewski\/wp-json\/wp\/v2\/tags?post=11052"}],"curies":[{"name":"wp","href":"https:\/\/api.w.org\/{rel}","templated":true}]}}