
{"id":11053,"date":"2012-03-16T07:29:18","date_gmt":"2012-03-16T06:29:18","guid":{"rendered":"http:\/\/adamczewscy.pl\/?p=3465"},"modified":"2012-03-16T07:29:18","modified_gmt":"2012-03-16T06:29:18","slug":"zupa-z-boczniakow","status":"publish","type":"post","link":"https:\/\/blog.polityka.pl\/adamczewski\/2012\/03\/16\/zupa-z-boczniakow\/","title":{"rendered":"Zupa z boczniak\u00f3w"},"content":{"rendered":"<p><em>6 szklanek bulionu grzybowego (z kostki), 50-60 dag boczniak\u00f3w, cebula, marchew, 4 \u0142y\u017cki przecieru pomidorowego, 2 \u0142y\u017cki oleju, s\u00f3l, pieprz, 2 \u0142y\u017cki posiekanej zielonej pietruszki,  ? paczki makaronu wst\u0105\u017cki<br \/>\n<\/em><br \/>\n1. Boczniaki umy\u0107 i posieka\u0107, posieka\u0107 tak\u017ce cebul\u0119. Marchew po oskrobaniu zetrze\u0107 na jarzynowej drobnej tarce.<br \/>\n2. Rozgrza\u0107 w garnku olej i podsma\u017cy\u0107 na nim cebul\u0119 i grzyby, doda\u0107 bulion i przecier oraz start\u0105 marchew. Zagotowa\u0107.<br \/>\n3. Do gotuj\u0105cej si\u0119 zupy doda\u0107 po\u0142amany makaron i gotowa\u0107 na ma\u0142ym ogniu oko\u0142o 15 minut. Doprawi\u0107 zup\u0119 sol\u0105 i pieprzem, posypa\u0107 po wierzchu siekan\u0105 zielon\u0105 pietruszk\u0105. <\/p>\n","protected":false},"excerpt":{"rendered":"<p>6 szklanek bulionu grzybowego (z kostki), 50-60 dag boczniak\u00f3w, cebula, marchew, 4 \u0142y\u017cki przecieru pomidorowego, 2 \u0142y\u017cki oleju, s\u00f3l, pieprz, 2 \u0142y\u017cki posiekanej zielonej pietruszki, ? paczki makaronu wst\u0105\u017cki 1. Boczniaki umy\u0107 i posieka\u0107, posieka\u0107 tak\u017ce cebul\u0119. Marchew po oskrobaniu zetrze\u0107 na jarzynowej drobnej tarce. 2. Rozgrza\u0107 w garnku olej i podsma\u017cy\u0107 na nim cebul\u0119 [&hellip;]<\/p>\n","protected":false},"author":2,"featured_media":0,"comment_status":"open","ping_status":"open","sticky":false,"template":"","format":"standard","meta":{"footnotes":""},"categories":[1],"tags":[],"_links":{"self":[{"href":"https:\/\/blog.polityka.pl\/adamczewski\/wp-json\/wp\/v2\/posts\/11053"}],"collection":[{"href":"https:\/\/blog.polityka.pl\/adamczewski\/wp-json\/wp\/v2\/posts"}],"about":[{"href":"https:\/\/blog.polityka.pl\/adamczewski\/wp-json\/wp\/v2\/types\/post"}],"author":[{"embeddable":true,"href":"https:\/\/blog.polityka.pl\/adamczewski\/wp-json\/wp\/v2\/users\/2"}],"replies":[{"embeddable":true,"href":"https:\/\/blog.polityka.pl\/adamczewski\/wp-json\/wp\/v2\/comments?post=11053"}],"version-history":[{"count":0,"href":"https:\/\/blog.polityka.pl\/adamczewski\/wp-json\/wp\/v2\/posts\/11053\/revisions"}],"wp:attachment":[{"href":"https:\/\/blog.polityka.pl\/adamczewski\/wp-json\/wp\/v2\/media?parent=11053"}],"wp:term":[{"taxonomy":"category","embeddable":true,"href":"https:\/\/blog.polityka.pl\/adamczewski\/wp-json\/wp\/v2\/categories?post=11053"},{"taxonomy":"post_tag","embeddable":true,"href":"https:\/\/blog.polityka.pl\/adamczewski\/wp-json\/wp\/v2\/tags?post=11053"}],"curies":[{"name":"wp","href":"https:\/\/api.w.org\/{rel}","templated":true}]}}