
{"id":11058,"date":"2012-03-23T09:04:15","date_gmt":"2012-03-23T08:04:15","guid":{"rendered":"http:\/\/adamczewscy.pl\/?p=3471"},"modified":"2012-03-23T09:04:15","modified_gmt":"2012-03-23T08:04:15","slug":"baba-z-jaj-na-twardo","status":"publish","type":"post","link":"https:\/\/blog.polityka.pl\/adamczewski\/2012\/03\/23\/baba-z-jaj-na-twardo\/","title":{"rendered":"Baba z jaj na twardo"},"content":{"rendered":"<p><em>5 jaj na twardo, 3 jaja surowe, czerstwa bu\u0142ka, 3 \u0142y\u017cki mas\u0142\u0105, 1\/2 szklanki \u015bmietany 30-proc., \u0142y\u017ceczka soli, pieprz, \u0142y\u017ceczka posiekanej zielonej pietruszki, \u0142y\u017ceczka posiekanego koperku<br \/>\nDo posmarowania naczynia do zapiekania: \u0142y\u017cka mas\u0142a<br \/>\n<\/em><br \/>\n1. Ubi\u0107 na sztywno mocno ozi\u0119bion\u0105 \u015bmietan\u0119.<br \/>\n2. Ugotowane jaja obra\u0107 ze skorupek i pokroi\u0107 w plastry.<br \/>\n3. Utrze\u0107 mas\u0142o z surowymi \u017c\u00f3\u0142tkami i namoczon\u0105 a nast\u0119pnie odci\u015bni\u0119t\u0105 bu\u0142k\u0105. Doda\u0107 ubit\u0105 z bia\u0142ek pian\u0119, s\u00f3l, pieprz koperek i pietruszk\u0119 oraz pokrojone jajka i ubit\u0105 \u015bmietan\u0119. Starannie lecz delikatnie wymiesza\u0107.<br \/>\n4. Nape\u0142ni\u0107 mas\u0105 wysmarowan\u0105 mas\u0142em form\u0119 do zapiekania (w kszta\u0142cie wysokiej babki). Piec 30 minut w nagrzanym do 180 st. C piekarniku.<br \/>\nPodawa\u0107 wy\u0142o\u017con\u0105 jak babk\u0119 na p\u00f3\u0142misek. Jako dodatek mo\u017cna poda\u0107 jakikolwiek sos. <\/p>\n","protected":false},"excerpt":{"rendered":"<p>5 jaj na twardo, 3 jaja surowe, czerstwa bu\u0142ka, 3 \u0142y\u017cki mas\u0142\u0105, 1\/2 szklanki \u015bmietany 30-proc., \u0142y\u017ceczka soli, pieprz, \u0142y\u017ceczka posiekanej zielonej pietruszki, \u0142y\u017ceczka posiekanego koperku Do posmarowania naczynia do zapiekania: \u0142y\u017cka mas\u0142a 1. Ubi\u0107 na sztywno mocno ozi\u0119bion\u0105 \u015bmietan\u0119. 2. Ugotowane jaja obra\u0107 ze skorupek i pokroi\u0107 w plastry. 3. Utrze\u0107 mas\u0142o z surowymi [&hellip;]<\/p>\n","protected":false},"author":2,"featured_media":0,"comment_status":"open","ping_status":"open","sticky":false,"template":"","format":"standard","meta":{"footnotes":""},"categories":[1],"tags":[],"_links":{"self":[{"href":"https:\/\/blog.polityka.pl\/adamczewski\/wp-json\/wp\/v2\/posts\/11058"}],"collection":[{"href":"https:\/\/blog.polityka.pl\/adamczewski\/wp-json\/wp\/v2\/posts"}],"about":[{"href":"https:\/\/blog.polityka.pl\/adamczewski\/wp-json\/wp\/v2\/types\/post"}],"author":[{"embeddable":true,"href":"https:\/\/blog.polityka.pl\/adamczewski\/wp-json\/wp\/v2\/users\/2"}],"replies":[{"embeddable":true,"href":"https:\/\/blog.polityka.pl\/adamczewski\/wp-json\/wp\/v2\/comments?post=11058"}],"version-history":[{"count":0,"href":"https:\/\/blog.polityka.pl\/adamczewski\/wp-json\/wp\/v2\/posts\/11058\/revisions"}],"wp:attachment":[{"href":"https:\/\/blog.polityka.pl\/adamczewski\/wp-json\/wp\/v2\/media?parent=11058"}],"wp:term":[{"taxonomy":"category","embeddable":true,"href":"https:\/\/blog.polityka.pl\/adamczewski\/wp-json\/wp\/v2\/categories?post=11058"},{"taxonomy":"post_tag","embeddable":true,"href":"https:\/\/blog.polityka.pl\/adamczewski\/wp-json\/wp\/v2\/tags?post=11058"}],"curies":[{"name":"wp","href":"https:\/\/api.w.org\/{rel}","templated":true}]}}