
{"id":11059,"date":"2012-04-02T16:47:59","date_gmt":"2012-04-02T15:47:59","guid":{"rendered":"http:\/\/adamczewscy.pl\/?p=3474"},"modified":"2012-04-02T16:47:59","modified_gmt":"2012-04-02T15:47:59","slug":"sledz-w-jablkach","status":"publish","type":"post","link":"https:\/\/blog.polityka.pl\/adamczewski\/2012\/04\/02\/sledz-w-jablkach\/","title":{"rendered":"\u015aled\u017a w jab\u0142kach"},"content":{"rendered":"<p><em>Ok.70 dag  solonych \u015bledzi, szklanka mleka, 4 winne jab\u0142ka,2 \u0142y\u017cki oleju,2 \u0142y\u017cki koncentratu pomidorowego, majeranek, cukier i sok cytrynowy do smaku,1\/2 \u0142y\u017ceczki startej sk\u00f3rki cytrynowej, szczypta ostrej papryki, s\u00f3l, pieprz. Do przybrania: kilka plasterk\u00f3w cytryny i ga\u0142\u0105zki zielonej pietruszki<\/em><\/p>\n<p>1.Zala\u0107 \u015bledzie zimn\u0105 wod\u0105 i pozostawi\u0107 na kilka godzin. Po wyj\u0119ciu, sprawi\u0107, zdj\u0105\u0107 sk\u00f3rk\u0119, odfiletowa\u0107 i zala\u0107  mlekiem .Pozostawi\u0107 na 2 godziny.<br \/>\n2.Rozgrza\u0107 w garnuszku olej, doda\u0107 obrane i pokrojone na cz\u0105stki jab\u0142ka  ,a kiedy zaczn\u0105 si\u0119 rozgotowywa\u0107 doda\u0107 majeranek, otart\u0105 sk\u00f3rk\u0119 z cytryny i sok cytrynowy, s\u00f3l, pieprz i ostr\u0105 papryk\u0119, wymiesza\u0107 i jeszcze chwil\u0119 dusi\u0107 ,doda\u0107 koncentrat i cukier, zagotowa\u0107.<br \/>\n3.Filety wyj\u0119te z mleka pokroi\u0107 w uko\u015bne kawa\u0142ki, u\u0142o\u017cy\u0107 na p\u00f3\u0142misku, na wierzchu u\u0142o\u017cy\u0107 sch\u0142odzone jab\u0142ka, odstawi\u0107 na kilka godzin do lod\u00f3wki.<br \/>\nPodaj\u0105c udekorowa\u0107 plasterkami cytryny i zielonej pietruszki.<\/p>\n","protected":false},"excerpt":{"rendered":"<p>Ok.70 dag solonych \u015bledzi, szklanka mleka, 4 winne jab\u0142ka,2 \u0142y\u017cki oleju,2 \u0142y\u017cki koncentratu pomidorowego, majeranek, cukier i sok cytrynowy do smaku,1\/2 \u0142y\u017ceczki startej sk\u00f3rki cytrynowej, szczypta ostrej papryki, s\u00f3l, pieprz. Do przybrania: kilka plasterk\u00f3w cytryny i ga\u0142\u0105zki zielonej pietruszki 1.Zala\u0107 \u015bledzie zimn\u0105 wod\u0105 i pozostawi\u0107 na kilka godzin. Po wyj\u0119ciu, sprawi\u0107, zdj\u0105\u0107 sk\u00f3rk\u0119, odfiletowa\u0107 i [&hellip;]<\/p>\n","protected":false},"author":2,"featured_media":0,"comment_status":"open","ping_status":"open","sticky":false,"template":"","format":"standard","meta":{"footnotes":""},"categories":[1],"tags":[],"_links":{"self":[{"href":"https:\/\/blog.polityka.pl\/adamczewski\/wp-json\/wp\/v2\/posts\/11059"}],"collection":[{"href":"https:\/\/blog.polityka.pl\/adamczewski\/wp-json\/wp\/v2\/posts"}],"about":[{"href":"https:\/\/blog.polityka.pl\/adamczewski\/wp-json\/wp\/v2\/types\/post"}],"author":[{"embeddable":true,"href":"https:\/\/blog.polityka.pl\/adamczewski\/wp-json\/wp\/v2\/users\/2"}],"replies":[{"embeddable":true,"href":"https:\/\/blog.polityka.pl\/adamczewski\/wp-json\/wp\/v2\/comments?post=11059"}],"version-history":[{"count":0,"href":"https:\/\/blog.polityka.pl\/adamczewski\/wp-json\/wp\/v2\/posts\/11059\/revisions"}],"wp:attachment":[{"href":"https:\/\/blog.polityka.pl\/adamczewski\/wp-json\/wp\/v2\/media?parent=11059"}],"wp:term":[{"taxonomy":"category","embeddable":true,"href":"https:\/\/blog.polityka.pl\/adamczewski\/wp-json\/wp\/v2\/categories?post=11059"},{"taxonomy":"post_tag","embeddable":true,"href":"https:\/\/blog.polityka.pl\/adamczewski\/wp-json\/wp\/v2\/tags?post=11059"}],"curies":[{"name":"wp","href":"https:\/\/api.w.org\/{rel}","templated":true}]}}