
{"id":11062,"date":"2012-04-02T16:50:35","date_gmt":"2012-04-02T15:50:35","guid":{"rendered":"http:\/\/adamczewscy.pl\/?p=3477"},"modified":"2012-04-02T16:50:35","modified_gmt":"2012-04-02T15:50:35","slug":"biala-kielbasa-w-majeranku","status":"publish","type":"post","link":"https:\/\/blog.polityka.pl\/adamczewski\/2012\/04\/02\/biala-kielbasa-w-majeranku\/","title":{"rendered":"Bia\u0142a kie\u0142basa  w majeranku"},"content":{"rendered":"<p><em>75 dag- 1 kg bia\u0142ej kie\u0142basy, du\u017ca cebula,4 z\u0105bki czosnku, \u0142y\u017ceczka otartego majeranku, \u0142y\u017cka smalcu lub oleju, s\u00f3l<\/em><\/p>\n<p>1.\u017baroodporne naczynie wysmarowa\u0107 polow\u0105 oleju, na dnie pouk\u0142ada\u0107 pokrojon\u0105 w talarki cebul\u0119, posypa\u0107 lekko majerankiem.<br \/>\n2.W \u017caroodpornym naczyniu u\u0142o\u017cy\u0107 ciasno p\u0119ta kie\u0142basy, pouk\u0142ada\u0107 na wierzchu pokrojony w plasterki czosnek.<br \/>\n3.Pozosta\u0142y majeranek wymiesza\u0107 pozosta\u0142ym olejem lub smalcem i posmarowa\u0107 wierzch kie\u0142basy.<br \/>\n4.Piec w nagrzanym do 200 st. C piekarniku oko\u0142o 50 minut ,kilkakrotnie przewraca\u0107 kie\u0142bas\u0119 i nak\u0142uwa\u0107 j\u0105 ,aby wyp\u0142yn\u0105\u0142 nadmiar t\u0142uszczu i wody. Gdyby kie\u0142basa si\u0119 zbyt przyrumieni\u0142a, dopieka\u0107  j\u0105 pod lekkim okryciem z folii aluminiowej.<\/p>\n","protected":false},"excerpt":{"rendered":"<p>75 dag- 1 kg bia\u0142ej kie\u0142basy, du\u017ca cebula,4 z\u0105bki czosnku, \u0142y\u017ceczka otartego majeranku, \u0142y\u017cka smalcu lub oleju, s\u00f3l 1.\u017baroodporne naczynie wysmarowa\u0107 polow\u0105 oleju, na dnie pouk\u0142ada\u0107 pokrojon\u0105 w talarki cebul\u0119, posypa\u0107 lekko majerankiem. 2.W \u017caroodpornym naczyniu u\u0142o\u017cy\u0107 ciasno p\u0119ta kie\u0142basy, pouk\u0142ada\u0107 na wierzchu pokrojony w plasterki czosnek. 3.Pozosta\u0142y majeranek wymiesza\u0107 pozosta\u0142ym olejem lub smalcem i [&hellip;]<\/p>\n","protected":false},"author":2,"featured_media":0,"comment_status":"open","ping_status":"open","sticky":false,"template":"","format":"standard","meta":{"footnotes":""},"categories":[1],"tags":[],"_links":{"self":[{"href":"https:\/\/blog.polityka.pl\/adamczewski\/wp-json\/wp\/v2\/posts\/11062"}],"collection":[{"href":"https:\/\/blog.polityka.pl\/adamczewski\/wp-json\/wp\/v2\/posts"}],"about":[{"href":"https:\/\/blog.polityka.pl\/adamczewski\/wp-json\/wp\/v2\/types\/post"}],"author":[{"embeddable":true,"href":"https:\/\/blog.polityka.pl\/adamczewski\/wp-json\/wp\/v2\/users\/2"}],"replies":[{"embeddable":true,"href":"https:\/\/blog.polityka.pl\/adamczewski\/wp-json\/wp\/v2\/comments?post=11062"}],"version-history":[{"count":0,"href":"https:\/\/blog.polityka.pl\/adamczewski\/wp-json\/wp\/v2\/posts\/11062\/revisions"}],"wp:attachment":[{"href":"https:\/\/blog.polityka.pl\/adamczewski\/wp-json\/wp\/v2\/media?parent=11062"}],"wp:term":[{"taxonomy":"category","embeddable":true,"href":"https:\/\/blog.polityka.pl\/adamczewski\/wp-json\/wp\/v2\/categories?post=11062"},{"taxonomy":"post_tag","embeddable":true,"href":"https:\/\/blog.polityka.pl\/adamczewski\/wp-json\/wp\/v2\/tags?post=11062"}],"curies":[{"name":"wp","href":"https:\/\/api.w.org\/{rel}","templated":true}]}}