
{"id":11063,"date":"2012-04-02T16:52:44","date_gmt":"2012-04-02T15:52:44","guid":{"rendered":"http:\/\/adamczewscy.pl\/?p=3478"},"modified":"2012-04-02T16:52:44","modified_gmt":"2012-04-02T15:52:44","slug":"sledzie-siekane","status":"publish","type":"post","link":"https:\/\/blog.polityka.pl\/adamczewski\/2012\/04\/02\/sledzie-siekane\/","title":{"rendered":"\u015aledzie siekane"},"content":{"rendered":"<p><em>2 solone \u015bledzie,2 \u0142y\u017cki tartej bu\u0142ki, du\u017ce jab\u0142ko,3 \u0142y\u017cki oleju,2-3 \u0142y\u017cki siekanego szczypiorku, jajko na twardo, cebula, p\u00f3\u0142 cytryny<\/em><\/p>\n<p>1.\u015aledzie wymoczy\u0107, zdj\u0105\u0107 sk\u00f3r\u0119, sprawi\u0107, odfiletowa\u0107, drobno posieka\u0107(naj\u0142atwiej przy pomocy tasaka lub szerokiego no\u017ca).<br \/>\n2.Cebul\u0119 obra\u0107 i jak najdrobniej posieka\u0107, jab\u0142ko obra\u0107 i zetrze\u0107 na tarce jarzynowej.<br \/>\n3.Wymiesza\u0107 siekanego \u015bledzia, jab\u0142ko, cebul\u0119 i tart\u0105 bu\u0142k\u0119 dodaj\u0105c po trochu olej. Prze\u0142o\u017cy\u0107 do salaterki, przybra\u0107 cz\u0105stkami jajka i plasterkami cytryny, posypa\u0107 siekanym szczypiorkiem.<\/p>\n","protected":false},"excerpt":{"rendered":"<p>2 solone \u015bledzie,2 \u0142y\u017cki tartej bu\u0142ki, du\u017ce jab\u0142ko,3 \u0142y\u017cki oleju,2-3 \u0142y\u017cki siekanego szczypiorku, jajko na twardo, cebula, p\u00f3\u0142 cytryny 1.\u015aledzie wymoczy\u0107, zdj\u0105\u0107 sk\u00f3r\u0119, sprawi\u0107, odfiletowa\u0107, drobno posieka\u0107(naj\u0142atwiej przy pomocy tasaka lub szerokiego no\u017ca). 2.Cebul\u0119 obra\u0107 i jak najdrobniej posieka\u0107, jab\u0142ko obra\u0107 i zetrze\u0107 na tarce jarzynowej. 3.Wymiesza\u0107 siekanego \u015bledzia, jab\u0142ko, cebul\u0119 i tart\u0105 bu\u0142k\u0119 dodaj\u0105c [&hellip;]<\/p>\n","protected":false},"author":2,"featured_media":0,"comment_status":"open","ping_status":"open","sticky":false,"template":"","format":"standard","meta":{"footnotes":""},"categories":[1],"tags":[],"_links":{"self":[{"href":"https:\/\/blog.polityka.pl\/adamczewski\/wp-json\/wp\/v2\/posts\/11063"}],"collection":[{"href":"https:\/\/blog.polityka.pl\/adamczewski\/wp-json\/wp\/v2\/posts"}],"about":[{"href":"https:\/\/blog.polityka.pl\/adamczewski\/wp-json\/wp\/v2\/types\/post"}],"author":[{"embeddable":true,"href":"https:\/\/blog.polityka.pl\/adamczewski\/wp-json\/wp\/v2\/users\/2"}],"replies":[{"embeddable":true,"href":"https:\/\/blog.polityka.pl\/adamczewski\/wp-json\/wp\/v2\/comments?post=11063"}],"version-history":[{"count":0,"href":"https:\/\/blog.polityka.pl\/adamczewski\/wp-json\/wp\/v2\/posts\/11063\/revisions"}],"wp:attachment":[{"href":"https:\/\/blog.polityka.pl\/adamczewski\/wp-json\/wp\/v2\/media?parent=11063"}],"wp:term":[{"taxonomy":"category","embeddable":true,"href":"https:\/\/blog.polityka.pl\/adamczewski\/wp-json\/wp\/v2\/categories?post=11063"},{"taxonomy":"post_tag","embeddable":true,"href":"https:\/\/blog.polityka.pl\/adamczewski\/wp-json\/wp\/v2\/tags?post=11063"}],"curies":[{"name":"wp","href":"https:\/\/api.w.org\/{rel}","templated":true}]}}