
{"id":11064,"date":"2012-04-02T16:54:05","date_gmt":"2012-04-02T15:54:05","guid":{"rendered":"http:\/\/adamczewscy.pl\/?p=3479"},"modified":"2012-04-02T16:54:05","modified_gmt":"2012-04-02T15:54:05","slug":"mazurek-z-galaretka","status":"publish","type":"post","link":"https:\/\/blog.polityka.pl\/adamczewski\/2012\/04\/02\/mazurek-z-galaretka\/","title":{"rendered":"Mazurek z galaretk\u0105"},"content":{"rendered":"<p><em>Na ciasto:1,5 szklanki m\u0105ki,2 \u017c\u00f3\u0142tka,1\/2 kostki mas\u0142\u0105,5 \u0142y\u017cek cukru,<br \/>\nDodatkowo:6 \u0142y\u017cek d\u017cemu wi\u015bniowego,3 mandarynki, owoc kiwi,3\/4 szklanki winogron bezpestkowych,20 dag mro\u017conych truskawek, torebka galaretki cytrynowej lub agrestowej<\/em><\/p>\n<p>1.Przesiaka\u0107 sk\u0142adniki ciasta, zagnie\u015b\u0107 ciasto, podzieli\u0107 na 3 cz\u0119\u015bci, rozwa\u0142kowa\u0107  na placki, w wy\u0142o\u017conej papierem do wypiek\u00f3w formie u\u0142o\u017cy\u0107 pierwszy p\u0142at ciasta, posmarowa\u0107 d\u017cemem, na nim nast\u0119pny p\u0142at, zn\u00f3w posmarowa\u0107 d\u017cemem i u\u0142o\u017cy\u0107 ostatni. Uformowa\u0107 wok\u00f3\u0142  wy\u017cszy brzeg. Piec 15 minut w piekarniku nagrzanym do 200 st. C. Ostudzi\u0107.<br \/>\n2.Przygotowa\u0107 galaretk\u0119, wed\u0142ug przepisu na opakowaniu, ostudzi\u0107.<br \/>\n3.Przygotowa\u0107 owoce: truskawki rozmrozi\u0107 ,mandarynki obra\u0107 i podzieli\u0107 na cz\u0105stki, pokroi\u0107 kiwi w plasterki i obgotowa\u0107, winogrona pokroi\u0107 na po\u0142\u00f3wki.<br \/>\n4.Owoce pouk\u0142ada\u0107 na cie\u015bcie, zala\u0107 t\u0119\u017cej\u0105c\u0105 galaretk\u0105. Ostudzi\u0107.<\/p>\n","protected":false},"excerpt":{"rendered":"<p>Na ciasto:1,5 szklanki m\u0105ki,2 \u017c\u00f3\u0142tka,1\/2 kostki mas\u0142\u0105,5 \u0142y\u017cek cukru, Dodatkowo:6 \u0142y\u017cek d\u017cemu wi\u015bniowego,3 mandarynki, owoc kiwi,3\/4 szklanki winogron bezpestkowych,20 dag mro\u017conych truskawek, torebka galaretki cytrynowej lub agrestowej 1.Przesiaka\u0107 sk\u0142adniki ciasta, zagnie\u015b\u0107 ciasto, podzieli\u0107 na 3 cz\u0119\u015bci, rozwa\u0142kowa\u0107 na placki, w wy\u0142o\u017conej papierem do wypiek\u00f3w formie u\u0142o\u017cy\u0107 pierwszy p\u0142at ciasta, posmarowa\u0107 d\u017cemem, na nim nast\u0119pny p\u0142at, [&hellip;]<\/p>\n","protected":false},"author":2,"featured_media":0,"comment_status":"open","ping_status":"open","sticky":false,"template":"","format":"standard","meta":{"footnotes":""},"categories":[1],"tags":[],"_links":{"self":[{"href":"https:\/\/blog.polityka.pl\/adamczewski\/wp-json\/wp\/v2\/posts\/11064"}],"collection":[{"href":"https:\/\/blog.polityka.pl\/adamczewski\/wp-json\/wp\/v2\/posts"}],"about":[{"href":"https:\/\/blog.polityka.pl\/adamczewski\/wp-json\/wp\/v2\/types\/post"}],"author":[{"embeddable":true,"href":"https:\/\/blog.polityka.pl\/adamczewski\/wp-json\/wp\/v2\/users\/2"}],"replies":[{"embeddable":true,"href":"https:\/\/blog.polityka.pl\/adamczewski\/wp-json\/wp\/v2\/comments?post=11064"}],"version-history":[{"count":0,"href":"https:\/\/blog.polityka.pl\/adamczewski\/wp-json\/wp\/v2\/posts\/11064\/revisions"}],"wp:attachment":[{"href":"https:\/\/blog.polityka.pl\/adamczewski\/wp-json\/wp\/v2\/media?parent=11064"}],"wp:term":[{"taxonomy":"category","embeddable":true,"href":"https:\/\/blog.polityka.pl\/adamczewski\/wp-json\/wp\/v2\/categories?post=11064"},{"taxonomy":"post_tag","embeddable":true,"href":"https:\/\/blog.polityka.pl\/adamczewski\/wp-json\/wp\/v2\/tags?post=11064"}],"curies":[{"name":"wp","href":"https:\/\/api.w.org\/{rel}","templated":true}]}}