
{"id":11065,"date":"2012-04-02T16:55:01","date_gmt":"2012-04-02T15:55:01","guid":{"rendered":"http:\/\/adamczewscy.pl\/?p=3480"},"modified":"2012-04-02T16:55:01","modified_gmt":"2012-04-02T15:55:01","slug":"salatka-sledziowa-z-fasola","status":"publish","type":"post","link":"https:\/\/blog.polityka.pl\/adamczewski\/2012\/04\/02\/salatka-sledziowa-z-fasola\/","title":{"rendered":"Sa\u0142atka \u015bledziowa z fasol\u0105"},"content":{"rendered":"<p><em>Po puszce bia\u0142ej i czerwonej fasoli konserwowej, ma\u0142a puszeczka ciecierzycy konserwowej,20 dag mro\u017conej fasolki szparagowej,cebula,4 filety matiasa,1\/2 szklanki g\u0119stego jogurtu,2 \u0142y\u017cki majonezu,2 z\u0105bki czosnku, po szczypcie tymianku i oregano, s\u00f3l, pieprz<\/em><\/p>\n<p>1.Ugotowa\u0107 fasolk\u0119 szparagow\u0105 w lekko osolonym wrz\u0105tku, os\u0105czy\u0107, pokroi\u0107 na kawa\u0142ki.<br \/>\n2.Cebul\u0119 posieka\u0107, fasole ods\u0105czy\u0107 z zalewy  na durszlaku .<br \/>\n3.\u015aledzie op\u0142uka\u0107, osuszy\u0107, pokroi\u0107 w kostk\u0119.<br \/>\n4.Wszystkie sk\u0142adniki wymiesza\u0107 z misce, doda\u0107 jogurt i majonez, przeci\u015bni\u0119ty przez prask\u0119 czosnek, s\u00f3l, pieprz i zio\u0142a.<\/p>\n","protected":false},"excerpt":{"rendered":"<p>Po puszce bia\u0142ej i czerwonej fasoli konserwowej, ma\u0142a puszeczka ciecierzycy konserwowej,20 dag mro\u017conej fasolki szparagowej,cebula,4 filety matiasa,1\/2 szklanki g\u0119stego jogurtu,2 \u0142y\u017cki majonezu,2 z\u0105bki czosnku, po szczypcie tymianku i oregano, s\u00f3l, pieprz 1.Ugotowa\u0107 fasolk\u0119 szparagow\u0105 w lekko osolonym wrz\u0105tku, os\u0105czy\u0107, pokroi\u0107 na kawa\u0142ki. 2.Cebul\u0119 posieka\u0107, fasole ods\u0105czy\u0107 z zalewy na durszlaku . 3.\u015aledzie op\u0142uka\u0107, osuszy\u0107, pokroi\u0107 [&hellip;]<\/p>\n","protected":false},"author":2,"featured_media":0,"comment_status":"open","ping_status":"open","sticky":false,"template":"","format":"standard","meta":{"footnotes":""},"categories":[1],"tags":[],"_links":{"self":[{"href":"https:\/\/blog.polityka.pl\/adamczewski\/wp-json\/wp\/v2\/posts\/11065"}],"collection":[{"href":"https:\/\/blog.polityka.pl\/adamczewski\/wp-json\/wp\/v2\/posts"}],"about":[{"href":"https:\/\/blog.polityka.pl\/adamczewski\/wp-json\/wp\/v2\/types\/post"}],"author":[{"embeddable":true,"href":"https:\/\/blog.polityka.pl\/adamczewski\/wp-json\/wp\/v2\/users\/2"}],"replies":[{"embeddable":true,"href":"https:\/\/blog.polityka.pl\/adamczewski\/wp-json\/wp\/v2\/comments?post=11065"}],"version-history":[{"count":0,"href":"https:\/\/blog.polityka.pl\/adamczewski\/wp-json\/wp\/v2\/posts\/11065\/revisions"}],"wp:attachment":[{"href":"https:\/\/blog.polityka.pl\/adamczewski\/wp-json\/wp\/v2\/media?parent=11065"}],"wp:term":[{"taxonomy":"category","embeddable":true,"href":"https:\/\/blog.polityka.pl\/adamczewski\/wp-json\/wp\/v2\/categories?post=11065"},{"taxonomy":"post_tag","embeddable":true,"href":"https:\/\/blog.polityka.pl\/adamczewski\/wp-json\/wp\/v2\/tags?post=11065"}],"curies":[{"name":"wp","href":"https:\/\/api.w.org\/{rel}","templated":true}]}}