
{"id":11067,"date":"2012-04-02T16:58:45","date_gmt":"2012-04-02T15:58:45","guid":{"rendered":"http:\/\/adamczewscy.pl\/?p=3482"},"modified":"2012-04-02T16:58:45","modified_gmt":"2012-04-02T15:58:45","slug":"cielecina-w-pomaranczach","status":"publish","type":"post","link":"https:\/\/blog.polityka.pl\/adamczewski\/2012\/04\/02\/cielecina-w-pomaranczach\/","title":{"rendered":"Ciel\u0119cina w pomara\u0144czach"},"content":{"rendered":"<p><em>2 kg ciel\u0119cej szynki,s\u00f3l,4 pomara\u0144cze,1\/2 szklanki d\u017cemu pomara\u0144czowego,1,5 \u0142y\u017cki mas\u0142a, \u0142y\u017cka oleju, szklanka bulionu ciel\u0119cego z kostki, \u0142y\u017cka ziarnistego pieprzu,3 \u0142y\u017cki ciemnego sosu sojowego<br \/>\n<\/em><br \/>\n1.Mi\u0119so obmy\u0107, wytrze\u0107 kuchennym papierowym r\u0119cznikiem, natrze\u0107 sol\u0105, w\u0142o\u017cy\u0107 do brytfanny z \u0142y\u017ck\u0105 oleju.<br \/>\n2.Wstawi\u0107 piecze\u0144 do nagrzanego do 180 st. C piekarnika, kiedy si\u0119 zrumieni ,  piec 30 minut<br \/>\n3.Zetrze\u0107 sk\u00f3rk\u0119 z jednej  pomara\u0144czy, wycisn\u0105\u0107 sok. Wymiesza\u0107 po\u0142ow\u0119 startej sk\u00f3rki, mas\u0142o, sok  i d\u017cem. Mas\u0105 posmarowa\u0107 wierzch pieczeni i  piec godzin\u0119 i kwadrans podlewaj\u0105c bulionem.<br \/>\n4.Wycisn\u0105\u0107 sok z 2 pomara\u0144cz, jedn\u0105 obra\u0107 i podzieli\u0107 na cz\u0105stki.<br \/>\n5.Gotow\u0105 piecze\u0144 wyj\u0105\u0107 z brytfanny, sos przecedzi\u0107 wlewaj\u0105c do garnuszka, doda\u0107 sos sojowy,  cz\u0105stki pomara\u0144czy, ziarna pieprzu i pozostawion\u0105 sk\u00f3rk\u0119. Zagotowa\u0107.<br \/>\n6.Piecze\u0144 pokroi\u0107  w plastry, sos poda\u0107 osobno.<\/p>\n","protected":false},"excerpt":{"rendered":"<p>2 kg ciel\u0119cej szynki,s\u00f3l,4 pomara\u0144cze,1\/2 szklanki d\u017cemu pomara\u0144czowego,1,5 \u0142y\u017cki mas\u0142a, \u0142y\u017cka oleju, szklanka bulionu ciel\u0119cego z kostki, \u0142y\u017cka ziarnistego pieprzu,3 \u0142y\u017cki ciemnego sosu sojowego 1.Mi\u0119so obmy\u0107, wytrze\u0107 kuchennym papierowym r\u0119cznikiem, natrze\u0107 sol\u0105, w\u0142o\u017cy\u0107 do brytfanny z \u0142y\u017ck\u0105 oleju. 2.Wstawi\u0107 piecze\u0144 do nagrzanego do 180 st. C piekarnika, kiedy si\u0119 zrumieni , piec 30 minut 3.Zetrze\u0107 [&hellip;]<\/p>\n","protected":false},"author":2,"featured_media":0,"comment_status":"open","ping_status":"open","sticky":false,"template":"","format":"standard","meta":{"footnotes":""},"categories":[1],"tags":[],"_links":{"self":[{"href":"https:\/\/blog.polityka.pl\/adamczewski\/wp-json\/wp\/v2\/posts\/11067"}],"collection":[{"href":"https:\/\/blog.polityka.pl\/adamczewski\/wp-json\/wp\/v2\/posts"}],"about":[{"href":"https:\/\/blog.polityka.pl\/adamczewski\/wp-json\/wp\/v2\/types\/post"}],"author":[{"embeddable":true,"href":"https:\/\/blog.polityka.pl\/adamczewski\/wp-json\/wp\/v2\/users\/2"}],"replies":[{"embeddable":true,"href":"https:\/\/blog.polityka.pl\/adamczewski\/wp-json\/wp\/v2\/comments?post=11067"}],"version-history":[{"count":0,"href":"https:\/\/blog.polityka.pl\/adamczewski\/wp-json\/wp\/v2\/posts\/11067\/revisions"}],"wp:attachment":[{"href":"https:\/\/blog.polityka.pl\/adamczewski\/wp-json\/wp\/v2\/media?parent=11067"}],"wp:term":[{"taxonomy":"category","embeddable":true,"href":"https:\/\/blog.polityka.pl\/adamczewski\/wp-json\/wp\/v2\/categories?post=11067"},{"taxonomy":"post_tag","embeddable":true,"href":"https:\/\/blog.polityka.pl\/adamczewski\/wp-json\/wp\/v2\/tags?post=11067"}],"curies":[{"name":"wp","href":"https:\/\/api.w.org\/{rel}","templated":true}]}}