
{"id":11068,"date":"2012-04-02T16:59:39","date_gmt":"2012-04-02T15:59:39","guid":{"rendered":"http:\/\/adamczewscy.pl\/?p=3483"},"modified":"2012-04-02T16:59:39","modified_gmt":"2012-04-02T15:59:39","slug":"salatka-z-ziemniakow-i-rzezuchy","status":"publish","type":"post","link":"https:\/\/blog.polityka.pl\/adamczewski\/2012\/04\/02\/salatka-z-ziemniakow-i-rzezuchy\/","title":{"rendered":"Sa\u0142atka z ziemniak\u00f3w i rze\u017cuchy"},"content":{"rendered":"<p><em>6 du\u017cych ziemniak\u00f3w,4 jajka na twardo, 2 du\u017ce \u0142y\u017cki \u015bwie\u017cej rze\u017cuchy,3 konserwowe og\u00f3rki, szklanka kwa\u015bnej \u015bmietany, szklanka jogurtu, \u0142y\u017cka musztardy,2 \u0142y\u017ceczki bia\u0142ego octu winnego, s\u00f3l, pieprz<br \/>\n<\/em><br \/>\n1.Ziemniaki ugotowa\u0107 w \u0142upinach, ostudzi\u0107, obra\u0107, pokroi\u0107 w p\u00f3\u0142centymetrowe plastry.<br \/>\n2.Pokroi\u0107 w grubsze plastry og\u00f3rki. \u015aci\u0105\u0107 no\u017cyczkami rze\u017cuch\u0119. Posieka\u0107 jajka na twardo.<br \/>\n3.Ze \u015bmietany i jogurtu, musztardy utrze\u0107 sos, doda\u0107 s\u00f3l, pieprz i ocet winny.<br \/>\n4.Wymiesza\u0107 ziemniaki, rze\u017cuch\u0119, jajka, pola\u0107 sosem i wymiesza\u0107 sa\u0142atk\u0119.<br \/>\nUwaga! Do sa\u0142atki tej mo\u017cna doda\u0107( dla nie- wegetarian) troch\u0119 pokrojonej w kostk\u0119 w\u0119dliny.<\/p>\n","protected":false},"excerpt":{"rendered":"<p>6 du\u017cych ziemniak\u00f3w,4 jajka na twardo, 2 du\u017ce \u0142y\u017cki \u015bwie\u017cej rze\u017cuchy,3 konserwowe og\u00f3rki, szklanka kwa\u015bnej \u015bmietany, szklanka jogurtu, \u0142y\u017cka musztardy,2 \u0142y\u017ceczki bia\u0142ego octu winnego, s\u00f3l, pieprz 1.Ziemniaki ugotowa\u0107 w \u0142upinach, ostudzi\u0107, obra\u0107, pokroi\u0107 w p\u00f3\u0142centymetrowe plastry. 2.Pokroi\u0107 w grubsze plastry og\u00f3rki. \u015aci\u0105\u0107 no\u017cyczkami rze\u017cuch\u0119. Posieka\u0107 jajka na twardo. 3.Ze \u015bmietany i jogurtu, musztardy utrze\u0107 sos, [&hellip;]<\/p>\n","protected":false},"author":2,"featured_media":0,"comment_status":"open","ping_status":"open","sticky":false,"template":"","format":"standard","meta":{"footnotes":""},"categories":[1],"tags":[],"_links":{"self":[{"href":"https:\/\/blog.polityka.pl\/adamczewski\/wp-json\/wp\/v2\/posts\/11068"}],"collection":[{"href":"https:\/\/blog.polityka.pl\/adamczewski\/wp-json\/wp\/v2\/posts"}],"about":[{"href":"https:\/\/blog.polityka.pl\/adamczewski\/wp-json\/wp\/v2\/types\/post"}],"author":[{"embeddable":true,"href":"https:\/\/blog.polityka.pl\/adamczewski\/wp-json\/wp\/v2\/users\/2"}],"replies":[{"embeddable":true,"href":"https:\/\/blog.polityka.pl\/adamczewski\/wp-json\/wp\/v2\/comments?post=11068"}],"version-history":[{"count":0,"href":"https:\/\/blog.polityka.pl\/adamczewski\/wp-json\/wp\/v2\/posts\/11068\/revisions"}],"wp:attachment":[{"href":"https:\/\/blog.polityka.pl\/adamczewski\/wp-json\/wp\/v2\/media?parent=11068"}],"wp:term":[{"taxonomy":"category","embeddable":true,"href":"https:\/\/blog.polityka.pl\/adamczewski\/wp-json\/wp\/v2\/categories?post=11068"},{"taxonomy":"post_tag","embeddable":true,"href":"https:\/\/blog.polityka.pl\/adamczewski\/wp-json\/wp\/v2\/tags?post=11068"}],"curies":[{"name":"wp","href":"https:\/\/api.w.org\/{rel}","templated":true}]}}