
{"id":11069,"date":"2012-04-02T17:00:17","date_gmt":"2012-04-02T16:00:17","guid":{"rendered":"http:\/\/adamczewscy.pl\/?p=3484"},"modified":"2012-04-02T17:00:17","modified_gmt":"2012-04-02T16:00:17","slug":"bigos-wegetarianski","status":"publish","type":"post","link":"https:\/\/blog.polityka.pl\/adamczewski\/2012\/04\/02\/bigos-wegetarianski\/","title":{"rendered":"Bigos wegetaria\u0144ski"},"content":{"rendered":"<p><em>G\u0142\u00f3wka kapusty peki\u0144skiej lub bia\u0142ej, marchew, p\u0119czek zielonej pietruszki kostka bulionowa, szklanka wody,2 \u0142y\u017cki koncentratu pomidorowego,2 \u0142y\u017cki oleju, cebula, s\u00f3l, pieprz<br \/>\n<\/em><br \/>\n1.Olej wla\u0107 do garnka, doda\u0107 posiekan\u0105 drobno cebul\u0119 i zeszkli\u0107.<br \/>\n2.Posieka\u0107 kapust\u0119 i doda\u0107 do cebuli, wla\u0107 wod\u0119 i dusi\u0107 do mi\u0119kko\u015bci, doda\u0107 kostk\u0119 bulionow\u0105, start\u0105 na jarzynowej  tarce marchew. Dalej dusi\u0107 ok.20 minut.<br \/>\n3.Na koniec  doda\u0107 koncentrat, posiekan\u0105 zielon\u0105 pietruszk\u0119, s\u00f3l, pieprz. Chwil\u0119 gotowa\u0107 i podawa\u0107.<\/p>\n","protected":false},"excerpt":{"rendered":"<p>G\u0142\u00f3wka kapusty peki\u0144skiej lub bia\u0142ej, marchew, p\u0119czek zielonej pietruszki kostka bulionowa, szklanka wody,2 \u0142y\u017cki koncentratu pomidorowego,2 \u0142y\u017cki oleju, cebula, s\u00f3l, pieprz 1.Olej wla\u0107 do garnka, doda\u0107 posiekan\u0105 drobno cebul\u0119 i zeszkli\u0107. 2.Posieka\u0107 kapust\u0119 i doda\u0107 do cebuli, wla\u0107 wod\u0119 i dusi\u0107 do mi\u0119kko\u015bci, doda\u0107 kostk\u0119 bulionow\u0105, start\u0105 na jarzynowej tarce marchew. Dalej dusi\u0107 ok.20 minut. [&hellip;]<\/p>\n","protected":false},"author":2,"featured_media":0,"comment_status":"open","ping_status":"open","sticky":false,"template":"","format":"standard","meta":{"footnotes":""},"categories":[1],"tags":[],"_links":{"self":[{"href":"https:\/\/blog.polityka.pl\/adamczewski\/wp-json\/wp\/v2\/posts\/11069"}],"collection":[{"href":"https:\/\/blog.polityka.pl\/adamczewski\/wp-json\/wp\/v2\/posts"}],"about":[{"href":"https:\/\/blog.polityka.pl\/adamczewski\/wp-json\/wp\/v2\/types\/post"}],"author":[{"embeddable":true,"href":"https:\/\/blog.polityka.pl\/adamczewski\/wp-json\/wp\/v2\/users\/2"}],"replies":[{"embeddable":true,"href":"https:\/\/blog.polityka.pl\/adamczewski\/wp-json\/wp\/v2\/comments?post=11069"}],"version-history":[{"count":0,"href":"https:\/\/blog.polityka.pl\/adamczewski\/wp-json\/wp\/v2\/posts\/11069\/revisions"}],"wp:attachment":[{"href":"https:\/\/blog.polityka.pl\/adamczewski\/wp-json\/wp\/v2\/media?parent=11069"}],"wp:term":[{"taxonomy":"category","embeddable":true,"href":"https:\/\/blog.polityka.pl\/adamczewski\/wp-json\/wp\/v2\/categories?post=11069"},{"taxonomy":"post_tag","embeddable":true,"href":"https:\/\/blog.polityka.pl\/adamczewski\/wp-json\/wp\/v2\/tags?post=11069"}],"curies":[{"name":"wp","href":"https:\/\/api.w.org\/{rel}","templated":true}]}}