
{"id":11070,"date":"2012-04-02T17:04:05","date_gmt":"2012-04-02T16:04:05","guid":{"rendered":"http:\/\/adamczewscy.pl\/?p=3485"},"modified":"2012-04-02T17:04:05","modified_gmt":"2012-04-02T16:04:05","slug":"swiateczny-podarunek-2012","status":"publish","type":"post","link":"https:\/\/blog.polityka.pl\/adamczewski\/2012\/04\/02\/swiateczny-podarunek-2012\/","title":{"rendered":"\u015awi\u0105teczny podarunek 2012"},"content":{"rendered":"<p><strong>Smako\u0142yki mi\u0119sne<\/strong><\/p>\n<p><a href=\"http:\/\/adamczewscy.pl\/?p=3477\">Bia\u0142a kie\u0142basa w majeranku<\/a><br \/>\n<a href=\"http:\/\/adamczewscy.pl\/?p=3481\">Indyk w r\u0119kawie<\/a><br \/>\n<a href=\"http:\/\/adamczewscy.pl\/?p=3482\">Ciel\u0119cina w pomara\u0144czach<\/a><\/p>\n<p><strong>Smako\u0142yki dla wegetarian<\/strong><\/p>\n<p><a href=\"http:\/\/adamczewscy.pl\/?p=3484\">Bigos wegetaria\u0144ski<\/a><br \/>\n<a href=\"http:\/\/adamczewscy.pl\/?p=3483\">Sa\u0142atka z ziemniak\u00f3w i rze\u017cuchy<\/a><\/p>\n<p><strong>Smako\u0142yki rybne<\/strong><\/p>\n<p><a href=\"http:\/\/adamczewscy.pl\/?p=3474\">\u015aled\u017a w jab\u0142kach<\/a><br \/>\n<a href=\"http:\/\/adamczewscy.pl\/?p=3478\">\u015aledzie siekane<\/a><br \/>\n<a href=\"http:\/\/adamczewscy.pl\/?p=3480\">Sa\u0142atka \u015bledziowa z fasol\u0105<\/a><\/p>\n<p><strong>Smako\u0142yki s\u0142odkie<\/strong><\/p>\n<p><a href=\"http:\/\/adamczewscy.pl\/?p=3475\">Mazurek kruszonkowy<\/a><br \/>\n<a href=\"http:\/\/adamczewscy.pl\/?p=3476\">Mazurek  z migda\u0142ami<\/a><br \/>\n<a href=\"http:\/\/adamczewscy.pl\/?p=3479\">Mazurek z galaretk\u0105<\/a><\/p>\n","protected":false},"excerpt":{"rendered":"<p>Smako\u0142yki mi\u0119sne Bia\u0142a kie\u0142basa w majeranku Indyk w r\u0119kawie Ciel\u0119cina w pomara\u0144czach Smako\u0142yki dla wegetarian Bigos wegetaria\u0144ski Sa\u0142atka z ziemniak\u00f3w i rze\u017cuchy Smako\u0142yki rybne \u015aled\u017a w jab\u0142kach \u015aledzie siekane Sa\u0142atka \u015bledziowa z fasol\u0105 Smako\u0142yki s\u0142odkie Mazurek kruszonkowy Mazurek z migda\u0142ami Mazurek z galaretk\u0105<\/p>\n","protected":false},"author":2,"featured_media":0,"comment_status":"open","ping_status":"open","sticky":false,"template":"","format":"standard","meta":{"footnotes":""},"categories":[1],"tags":[],"_links":{"self":[{"href":"https:\/\/blog.polityka.pl\/adamczewski\/wp-json\/wp\/v2\/posts\/11070"}],"collection":[{"href":"https:\/\/blog.polityka.pl\/adamczewski\/wp-json\/wp\/v2\/posts"}],"about":[{"href":"https:\/\/blog.polityka.pl\/adamczewski\/wp-json\/wp\/v2\/types\/post"}],"author":[{"embeddable":true,"href":"https:\/\/blog.polityka.pl\/adamczewski\/wp-json\/wp\/v2\/users\/2"}],"replies":[{"embeddable":true,"href":"https:\/\/blog.polityka.pl\/adamczewski\/wp-json\/wp\/v2\/comments?post=11070"}],"version-history":[{"count":0,"href":"https:\/\/blog.polityka.pl\/adamczewski\/wp-json\/wp\/v2\/posts\/11070\/revisions"}],"wp:attachment":[{"href":"https:\/\/blog.polityka.pl\/adamczewski\/wp-json\/wp\/v2\/media?parent=11070"}],"wp:term":[{"taxonomy":"category","embeddable":true,"href":"https:\/\/blog.polityka.pl\/adamczewski\/wp-json\/wp\/v2\/categories?post=11070"},{"taxonomy":"post_tag","embeddable":true,"href":"https:\/\/blog.polityka.pl\/adamczewski\/wp-json\/wp\/v2\/tags?post=11070"}],"curies":[{"name":"wp","href":"https:\/\/api.w.org\/{rel}","templated":true}]}}