
{"id":11072,"date":"2012-04-12T21:55:42","date_gmt":"2012-04-12T20:55:42","guid":{"rendered":"http:\/\/adamczewscy.pl\/?p=3487"},"modified":"2012-04-12T21:55:42","modified_gmt":"2012-04-12T20:55:42","slug":"ryba-z-migdalami","status":"publish","type":"post","link":"https:\/\/blog.polityka.pl\/adamczewski\/2012\/04\/12\/ryba-z-migdalami\/","title":{"rendered":"Ryba z migda\u0142ami"},"content":{"rendered":"<p><em>80 dag-1 kg filet\u00f3w z dorsza lub innej bia\u0142ej ryby morskiej, 1\/2 cytryny, szczypta mielonego imbiru, s\u00f3l, spora szczypta bia\u0142ego mielonego pieprzu, pomara\u0144cza, 2 \u0142y\u017cki p\u0142atk\u00f3w migda\u0142owych, \u0142y\u017cka mas\u0142a, kilka ga\u0142\u0105zek zielonej pietruszki<\/em><\/p>\n<p>1. Filety op\u0142uka\u0107, wytrze\u0107 kuchennym papierowym r\u0119cznikiem, skropi\u0107 sokiem cytrynowym i sokiem z po\u0142owy pomara\u0144czy. Zar\u00f3wno cytryn\u0119 jak pomara\u0144cz\u0119 nale\u017cy dok\u0142adnie uprzednio wyszorowa\u0107.<br \/>\n2. Wymiesza\u0107 s\u00f3l, pieprz i imbir, natrze\u0107 t\u0105 mieszank\u0105 filety i od\u0142o\u017cy\u0107 na godzin\u0119.<br \/>\n3. Ryb\u0119 u\u0142o\u017cy\u0107 w naczyniu do gotowania na parze lub owin\u0105\u0107 w arkusiki folii aluminiowej i u\u0142o\u017cy\u0107 na blaszce do pieczenia w piekarniku. Ugotowa\u0107, co powinno trwa\u0107 w ?parowarze? zgodnie z instrukcj\u0105 podan\u0105 przez producenta a w piekarniku, w temperaturze 170 st. C oko\u0142o 20 minut.<br \/>\n4. Pozosta\u0142\u0105 po\u0142\u00f3wk\u0119 pomara\u0144czy pokroi\u0107 po dok\u0142adnym wyszorowaniu na cienkie plasterki. Na patelni rozgrza\u0107 mas\u0142o, podsma\u017cy\u0107 na nim p\u0142atki migda\u0142owe.<br \/>\n5. Porcje ryby u\u0142o\u017cy\u0107 na talerzach, na nich po porcji migda\u0142\u00f3w i plasterki pomara\u0144czy. <\/p>\n","protected":false},"excerpt":{"rendered":"<p>80 dag-1 kg filet\u00f3w z dorsza lub innej bia\u0142ej ryby morskiej, 1\/2 cytryny, szczypta mielonego imbiru, s\u00f3l, spora szczypta bia\u0142ego mielonego pieprzu, pomara\u0144cza, 2 \u0142y\u017cki p\u0142atk\u00f3w migda\u0142owych, \u0142y\u017cka mas\u0142a, kilka ga\u0142\u0105zek zielonej pietruszki 1. Filety op\u0142uka\u0107, wytrze\u0107 kuchennym papierowym r\u0119cznikiem, skropi\u0107 sokiem cytrynowym i sokiem z po\u0142owy pomara\u0144czy. Zar\u00f3wno cytryn\u0119 jak pomara\u0144cz\u0119 nale\u017cy dok\u0142adnie uprzednio [&hellip;]<\/p>\n","protected":false},"author":2,"featured_media":0,"comment_status":"open","ping_status":"open","sticky":false,"template":"","format":"standard","meta":{"footnotes":""},"categories":[1],"tags":[],"_links":{"self":[{"href":"https:\/\/blog.polityka.pl\/adamczewski\/wp-json\/wp\/v2\/posts\/11072"}],"collection":[{"href":"https:\/\/blog.polityka.pl\/adamczewski\/wp-json\/wp\/v2\/posts"}],"about":[{"href":"https:\/\/blog.polityka.pl\/adamczewski\/wp-json\/wp\/v2\/types\/post"}],"author":[{"embeddable":true,"href":"https:\/\/blog.polityka.pl\/adamczewski\/wp-json\/wp\/v2\/users\/2"}],"replies":[{"embeddable":true,"href":"https:\/\/blog.polityka.pl\/adamczewski\/wp-json\/wp\/v2\/comments?post=11072"}],"version-history":[{"count":0,"href":"https:\/\/blog.polityka.pl\/adamczewski\/wp-json\/wp\/v2\/posts\/11072\/revisions"}],"wp:attachment":[{"href":"https:\/\/blog.polityka.pl\/adamczewski\/wp-json\/wp\/v2\/media?parent=11072"}],"wp:term":[{"taxonomy":"category","embeddable":true,"href":"https:\/\/blog.polityka.pl\/adamczewski\/wp-json\/wp\/v2\/categories?post=11072"},{"taxonomy":"post_tag","embeddable":true,"href":"https:\/\/blog.polityka.pl\/adamczewski\/wp-json\/wp\/v2\/tags?post=11072"}],"curies":[{"name":"wp","href":"https:\/\/api.w.org\/{rel}","templated":true}]}}