
{"id":11073,"date":"2012-04-12T21:57:07","date_gmt":"2012-04-12T20:57:07","guid":{"rendered":"http:\/\/adamczewscy.pl\/?p=3488"},"modified":"2012-04-12T21:57:07","modified_gmt":"2012-04-12T20:57:07","slug":"placek-omletowy-ze-szpinakiem","status":"publish","type":"post","link":"https:\/\/blog.polityka.pl\/adamczewski\/2012\/04\/12\/placek-omletowy-ze-szpinakiem\/","title":{"rendered":"Placek omletowy ze szpinakiem"},"content":{"rendered":"<p><em>Opakowanie li\u015bci szpinaku (25 dag), 20 dag plasterk\u00f3w chudego w\u0119dzonego boczku lub bekonu, 3\/4 szklanki startego \u017c\u00f3\u0142tego sera, \u015brednia czerwona cebula, 1\/2 mi\u0119sistej czerwonej papryki, 2 \u0142y\u017cki oliwy, 4 jajka, 4 \u0142y\u017cki mleka, s\u00f3l, pieprz<br \/>\n<\/em><br \/>\n1. Umy\u0107 i ods\u0105czy\u0107 szpinak w suszarce do sa\u0142aty.<br \/>\n2. Na patelni rozgrza\u0107 oliw\u0119, zeszkli\u0107 posiekan\u0105 drobno cebul\u0119, doda\u0107 pokrojony w paski bekon lub boczek i dusi\u0107 2 minuty. Doda\u0107 li\u015bcie szpinaku i pokrojon\u0105 drobno papryk\u0119, dusi\u0107 1- 2 minuty.<br \/>\n3. Jajka roztrzepa\u0107 z mlekiem i sol\u0105 oraz pieprzem, wyla\u0107 na patelni\u0119 i sma\u017cy\u0107, a\u017c sp\u00f3d si\u0119 lekko zrumieni. Przy pomocy szerokiej \u0142opatki zsun\u0105\u0107 omlet na talerz i zn\u00f3w u\u0142o\u017cy\u0107 go na patelni przyrumieniona stron\u0105 do g\u00f3ry. Posypa\u0107 startym serem i pod przykryciem dosma\u017cy\u0107.<br \/>\n4. Podawa\u0107 placek krojony w tr\u00f3jk\u0105ty jak pizz\u0119. <\/p>\n","protected":false},"excerpt":{"rendered":"<p>Opakowanie li\u015bci szpinaku (25 dag), 20 dag plasterk\u00f3w chudego w\u0119dzonego boczku lub bekonu, 3\/4 szklanki startego \u017c\u00f3\u0142tego sera, \u015brednia czerwona cebula, 1\/2 mi\u0119sistej czerwonej papryki, 2 \u0142y\u017cki oliwy, 4 jajka, 4 \u0142y\u017cki mleka, s\u00f3l, pieprz 1. Umy\u0107 i ods\u0105czy\u0107 szpinak w suszarce do sa\u0142aty. 2. Na patelni rozgrza\u0107 oliw\u0119, zeszkli\u0107 posiekan\u0105 drobno cebul\u0119, doda\u0107 pokrojony [&hellip;]<\/p>\n","protected":false},"author":2,"featured_media":0,"comment_status":"open","ping_status":"open","sticky":false,"template":"","format":"standard","meta":{"footnotes":""},"categories":[1],"tags":[],"_links":{"self":[{"href":"https:\/\/blog.polityka.pl\/adamczewski\/wp-json\/wp\/v2\/posts\/11073"}],"collection":[{"href":"https:\/\/blog.polityka.pl\/adamczewski\/wp-json\/wp\/v2\/posts"}],"about":[{"href":"https:\/\/blog.polityka.pl\/adamczewski\/wp-json\/wp\/v2\/types\/post"}],"author":[{"embeddable":true,"href":"https:\/\/blog.polityka.pl\/adamczewski\/wp-json\/wp\/v2\/users\/2"}],"replies":[{"embeddable":true,"href":"https:\/\/blog.polityka.pl\/adamczewski\/wp-json\/wp\/v2\/comments?post=11073"}],"version-history":[{"count":0,"href":"https:\/\/blog.polityka.pl\/adamczewski\/wp-json\/wp\/v2\/posts\/11073\/revisions"}],"wp:attachment":[{"href":"https:\/\/blog.polityka.pl\/adamczewski\/wp-json\/wp\/v2\/media?parent=11073"}],"wp:term":[{"taxonomy":"category","embeddable":true,"href":"https:\/\/blog.polityka.pl\/adamczewski\/wp-json\/wp\/v2\/categories?post=11073"},{"taxonomy":"post_tag","embeddable":true,"href":"https:\/\/blog.polityka.pl\/adamczewski\/wp-json\/wp\/v2\/tags?post=11073"}],"curies":[{"name":"wp","href":"https:\/\/api.w.org\/{rel}","templated":true}]}}