
{"id":11074,"date":"2012-04-12T21:58:12","date_gmt":"2012-04-12T20:58:12","guid":{"rendered":"http:\/\/adamczewscy.pl\/?p=3489"},"modified":"2012-04-12T21:58:12","modified_gmt":"2012-04-12T20:58:12","slug":"mielone-z-selera","status":"publish","type":"post","link":"https:\/\/blog.polityka.pl\/adamczewski\/2012\/04\/12\/mielone-z-selera\/","title":{"rendered":"Mielone z selera"},"content":{"rendered":"<p><em>2 jak najwi\u0119ksze selery korzeniowe, 2 jajka, ok. 1\/4 szklanki tartej bu\u0142ki, s\u00f3l, pieprz<br \/>\nDo panierowania: 4 \u0142y\u017cki tartej bu\u0142ki,<br \/>\nDo sma\u017cenia 1\/2 szklanki oleju<br \/>\nNa sos: \u0142y\u017cka mas\u0142a, 2 z\u0105bki czosnku, puszka krojonych pomidor\u00f3w w zalewie, po \u0142y\u017cce posiekanych \u015bwie\u017cych zi\u00f3\u0142: tymianku i bazylii, s\u00f3l, pieprz<br \/>\n<\/em><\/p>\n<p>1. Selery obra\u0107, zetrze\u0107 na jarzynowej tarce, doda\u0107 jajka, tart\u0105 bu\u0142k\u0119, s\u00f3l i pieprz. Wyrobi\u0107 starannie mas\u0119, najlepiej r\u0119k\u0105.<br \/>\n2. Przygotowa\u0107 sos: na ma\u015ble zrumieni\u0107 pokrojony czosnek, wyj\u0105\u0107 go z patelni, doda\u0107 zawarto\u015b\u0107 puszki, doprawi\u0107 sol\u0105, pieprzem i zio\u0142ami, zmiksowa\u0107, chwil\u0119 gotowa\u0107 sos. Przela\u0107 do sosjerki.<br \/>\n3. Uformowa\u0107 niewielkie okr\u0105g\u0142e kotlety, obtoczy\u0107 je w tartej bu\u0142ce i usma\u017cy\u0107 na rozgrzanym oleju. <\/p>\n","protected":false},"excerpt":{"rendered":"<p>2 jak najwi\u0119ksze selery korzeniowe, 2 jajka, ok. 1\/4 szklanki tartej bu\u0142ki, s\u00f3l, pieprz Do panierowania: 4 \u0142y\u017cki tartej bu\u0142ki, Do sma\u017cenia 1\/2 szklanki oleju Na sos: \u0142y\u017cka mas\u0142a, 2 z\u0105bki czosnku, puszka krojonych pomidor\u00f3w w zalewie, po \u0142y\u017cce posiekanych \u015bwie\u017cych zi\u00f3\u0142: tymianku i bazylii, s\u00f3l, pieprz 1. Selery obra\u0107, zetrze\u0107 na jarzynowej tarce, doda\u0107 [&hellip;]<\/p>\n","protected":false},"author":2,"featured_media":0,"comment_status":"open","ping_status":"open","sticky":false,"template":"","format":"standard","meta":{"footnotes":""},"categories":[1],"tags":[],"_links":{"self":[{"href":"https:\/\/blog.polityka.pl\/adamczewski\/wp-json\/wp\/v2\/posts\/11074"}],"collection":[{"href":"https:\/\/blog.polityka.pl\/adamczewski\/wp-json\/wp\/v2\/posts"}],"about":[{"href":"https:\/\/blog.polityka.pl\/adamczewski\/wp-json\/wp\/v2\/types\/post"}],"author":[{"embeddable":true,"href":"https:\/\/blog.polityka.pl\/adamczewski\/wp-json\/wp\/v2\/users\/2"}],"replies":[{"embeddable":true,"href":"https:\/\/blog.polityka.pl\/adamczewski\/wp-json\/wp\/v2\/comments?post=11074"}],"version-history":[{"count":0,"href":"https:\/\/blog.polityka.pl\/adamczewski\/wp-json\/wp\/v2\/posts\/11074\/revisions"}],"wp:attachment":[{"href":"https:\/\/blog.polityka.pl\/adamczewski\/wp-json\/wp\/v2\/media?parent=11074"}],"wp:term":[{"taxonomy":"category","embeddable":true,"href":"https:\/\/blog.polityka.pl\/adamczewski\/wp-json\/wp\/v2\/categories?post=11074"},{"taxonomy":"post_tag","embeddable":true,"href":"https:\/\/blog.polityka.pl\/adamczewski\/wp-json\/wp\/v2\/tags?post=11074"}],"curies":[{"name":"wp","href":"https:\/\/api.w.org\/{rel}","templated":true}]}}