
{"id":11075,"date":"2012-04-12T21:59:11","date_gmt":"2012-04-12T20:59:11","guid":{"rendered":"http:\/\/adamczewscy.pl\/?p=3490"},"modified":"2012-04-12T21:59:11","modified_gmt":"2012-04-12T20:59:11","slug":"krokiety-ziemniaczane-z-serem","status":"publish","type":"post","link":"https:\/\/blog.polityka.pl\/adamczewski\/2012\/04\/12\/krokiety-ziemniaczane-z-serem\/","title":{"rendered":"Krokiety ziemniaczane z serem"},"content":{"rendered":"<p><em>Ok. 80 dag ziemniak\u00f3w, 2 \u017c\u00f3\u0142tka, 3\/4 szklanki startego cheddara, \u0107wier\u0107 szklanki tartej bu\u0142ki, s\u00f3l, pieprz starta ga\u0142ka muszkato\u0142owa do smaku. Do sma\u017cenia: \u0107wier\u0107 szklanki oleju<br \/>\nDo panierowania: jajko i 3 \u0142y\u017cki tartej bu\u0142ki<br \/>\n<\/em><\/p>\n<p>1. Ziemniaki obra\u0107, ugotowa\u0107, starannie odparowa\u0107  i po lekkim ostudzeniu ? przecisn\u0105\u0107 przez prask\u0119.<br \/>\n2. Do piure doda\u0107 \u017c\u00f3\u0142tka, p\u00f3\u0142 szklanki startego sera oraz tarta bu\u0142k\u0119, doprawi\u0107 sol\u0105 i pieprzem. Dok\u0142adnie wymiesza\u0107.<br \/>\n3. Formowa\u0107 niedu\u017ce, owalne krokiety, macza\u0107 w rozbitym z \u0142y\u017ceczk\u0105 wody jajku a nast\u0119pnie w tartej bu\u0142ce wymieszanej z pozosta\u0142ym serem.<br \/>\n4. Na patelni rozgrza\u0107 olej i sma\u017cy\u0107 krokiety z obu stron na z\u0142oto. <\/p>\n","protected":false},"excerpt":{"rendered":"<p>Ok. 80 dag ziemniak\u00f3w, 2 \u017c\u00f3\u0142tka, 3\/4 szklanki startego cheddara, \u0107wier\u0107 szklanki tartej bu\u0142ki, s\u00f3l, pieprz starta ga\u0142ka muszkato\u0142owa do smaku. Do sma\u017cenia: \u0107wier\u0107 szklanki oleju Do panierowania: jajko i 3 \u0142y\u017cki tartej bu\u0142ki 1. Ziemniaki obra\u0107, ugotowa\u0107, starannie odparowa\u0107 i po lekkim ostudzeniu ? przecisn\u0105\u0107 przez prask\u0119. 2. Do piure doda\u0107 \u017c\u00f3\u0142tka, p\u00f3\u0142 szklanki [&hellip;]<\/p>\n","protected":false},"author":2,"featured_media":0,"comment_status":"open","ping_status":"open","sticky":false,"template":"","format":"standard","meta":{"footnotes":""},"categories":[1],"tags":[],"_links":{"self":[{"href":"https:\/\/blog.polityka.pl\/adamczewski\/wp-json\/wp\/v2\/posts\/11075"}],"collection":[{"href":"https:\/\/blog.polityka.pl\/adamczewski\/wp-json\/wp\/v2\/posts"}],"about":[{"href":"https:\/\/blog.polityka.pl\/adamczewski\/wp-json\/wp\/v2\/types\/post"}],"author":[{"embeddable":true,"href":"https:\/\/blog.polityka.pl\/adamczewski\/wp-json\/wp\/v2\/users\/2"}],"replies":[{"embeddable":true,"href":"https:\/\/blog.polityka.pl\/adamczewski\/wp-json\/wp\/v2\/comments?post=11075"}],"version-history":[{"count":0,"href":"https:\/\/blog.polityka.pl\/adamczewski\/wp-json\/wp\/v2\/posts\/11075\/revisions"}],"wp:attachment":[{"href":"https:\/\/blog.polityka.pl\/adamczewski\/wp-json\/wp\/v2\/media?parent=11075"}],"wp:term":[{"taxonomy":"category","embeddable":true,"href":"https:\/\/blog.polityka.pl\/adamczewski\/wp-json\/wp\/v2\/categories?post=11075"},{"taxonomy":"post_tag","embeddable":true,"href":"https:\/\/blog.polityka.pl\/adamczewski\/wp-json\/wp\/v2\/tags?post=11075"}],"curies":[{"name":"wp","href":"https:\/\/api.w.org\/{rel}","templated":true}]}}