
{"id":11076,"date":"2012-04-12T22:00:26","date_gmt":"2012-04-12T21:00:26","guid":{"rendered":"http:\/\/adamczewscy.pl\/?p=3491"},"modified":"2012-04-12T22:00:26","modified_gmt":"2012-04-12T21:00:26","slug":"dorsz-z-warzywami","status":"publish","type":"post","link":"https:\/\/blog.polityka.pl\/adamczewski\/2012\/04\/12\/dorsz-z-warzywami\/","title":{"rendered":"Dorsz z warzywami"},"content":{"rendered":"<p><em>70 &#8211; 80 dag filet\u00f3w z dorsza, 2 opakowania mro\u017conej zupy grzybowej, 4 \u0142y\u017cki siekanego koperku, s\u00f3l, pieprz, 4 plasterki \u017c\u00f3\u0142tego sera<br \/>\n<\/em><br \/>\n1. Filety umy\u0107, osuszy\u0107 kuchennym papierowym r\u0119cznikiem, je\u015bli filety s\u0105 do\u015b\u0107 grube pokroi\u0107 na cie\u0144sze plasterki. Zup\u0119 rozmrozi\u0107 nie odlewaj\u0105c p\u0142ynu.<br \/>\n2. W naczyniu do zapiekania u\u0142o\u017cy\u0107 na dnie pierwsz\u0105 torebk\u0119 zupy grzybowej, posypa\u0107 sol\u0105 i pieprzem, na niej u\u0142o\u017cy\u0107 pokrojone filety, nast\u0119pn\u0105 torebk\u0119 zupy grzybowej, zn\u00f3w doprawi\u0107 sol\u0105 i pieprzem, wla\u0107 ca\u0142y p\u0142yn od rozmra\u017cania zupy.<br \/>\n3. Naczynie przykry\u0107 foli\u0105 aluminiow\u0105 i piec pod przykryciem w temperaturze 160 st. C tak d\u0142ugo, a\u017c wszystkie sk\u0142adniki zmi\u0119kn\u0105 to znaczy oko\u0142o 45 minut.<br \/>\n4. Zdj\u0105\u0107 foli\u0119 i na wierzchu zapiekanki u\u0142o\u017cy\u0107 plasterki sera i jeszcze podpiec w temperaturze 180 st. C,  a\u017c ser si\u0119 stopi. <\/p>\n","protected":false},"excerpt":{"rendered":"<p>70 &#8211; 80 dag filet\u00f3w z dorsza, 2 opakowania mro\u017conej zupy grzybowej, 4 \u0142y\u017cki siekanego koperku, s\u00f3l, pieprz, 4 plasterki \u017c\u00f3\u0142tego sera 1. Filety umy\u0107, osuszy\u0107 kuchennym papierowym r\u0119cznikiem, je\u015bli filety s\u0105 do\u015b\u0107 grube pokroi\u0107 na cie\u0144sze plasterki. Zup\u0119 rozmrozi\u0107 nie odlewaj\u0105c p\u0142ynu. 2. W naczyniu do zapiekania u\u0142o\u017cy\u0107 na dnie pierwsz\u0105 torebk\u0119 zupy grzybowej, [&hellip;]<\/p>\n","protected":false},"author":2,"featured_media":0,"comment_status":"open","ping_status":"open","sticky":false,"template":"","format":"standard","meta":{"footnotes":""},"categories":[1],"tags":[],"_links":{"self":[{"href":"https:\/\/blog.polityka.pl\/adamczewski\/wp-json\/wp\/v2\/posts\/11076"}],"collection":[{"href":"https:\/\/blog.polityka.pl\/adamczewski\/wp-json\/wp\/v2\/posts"}],"about":[{"href":"https:\/\/blog.polityka.pl\/adamczewski\/wp-json\/wp\/v2\/types\/post"}],"author":[{"embeddable":true,"href":"https:\/\/blog.polityka.pl\/adamczewski\/wp-json\/wp\/v2\/users\/2"}],"replies":[{"embeddable":true,"href":"https:\/\/blog.polityka.pl\/adamczewski\/wp-json\/wp\/v2\/comments?post=11076"}],"version-history":[{"count":0,"href":"https:\/\/blog.polityka.pl\/adamczewski\/wp-json\/wp\/v2\/posts\/11076\/revisions"}],"wp:attachment":[{"href":"https:\/\/blog.polityka.pl\/adamczewski\/wp-json\/wp\/v2\/media?parent=11076"}],"wp:term":[{"taxonomy":"category","embeddable":true,"href":"https:\/\/blog.polityka.pl\/adamczewski\/wp-json\/wp\/v2\/categories?post=11076"},{"taxonomy":"post_tag","embeddable":true,"href":"https:\/\/blog.polityka.pl\/adamczewski\/wp-json\/wp\/v2\/tags?post=11076"}],"curies":[{"name":"wp","href":"https:\/\/api.w.org\/{rel}","templated":true}]}}