
{"id":11078,"date":"2012-04-19T16:33:42","date_gmt":"2012-04-19T15:33:42","guid":{"rendered":"http:\/\/adamczewscy.pl\/?p=3494"},"modified":"2012-04-19T16:33:42","modified_gmt":"2012-04-19T15:33:42","slug":"brukselka-duszona-w-pomaranczowym-soku","status":"publish","type":"post","link":"https:\/\/blog.polityka.pl\/adamczewski\/2012\/04\/19\/brukselka-duszona-w-pomaranczowym-soku\/","title":{"rendered":"Brukselka duszona w pomara\u0144czowym soku"},"content":{"rendered":"<p><em>Ok.30 dag brukselki, szklanka wyci\u015bni\u0119tego z pomara\u0144czy soku,2 \u0142y\u017cki mas\u0142a, \u0142y\u017cka startej sk\u00f3rki  pomara\u0144czowej,2 \u0142y\u017cki posiekanego szczypiorku<\/em><\/p>\n<p>1. Brukselk\u0119 oczy\u015bci\u0107 z uszkodzonych listk\u00f3w, poprzekrawa\u0107  na po\u0142\u00f3wki, pouk\u0142ada\u0107 na patelni stron\u0105 przekrojon\u0105  do do\u0142u, wla\u0107 sok pomara\u0144czowy i nie mieszaj\u0105c podgrzewa\u0107, aby brukselka si\u0119 nieco poddusi\u0142a a sok odparowa\u0142.<br \/>\n2. Doda\u0107 mas\u0142o, posypa\u0107 szczypiorkiem i start\u0105 sk\u00f3rk\u0105 pomara\u0144czow\u0105 i dusi\u0107 oko\u0142o 2 minut, mo\u017cna lekko posoli\u0107 do smaku, wymiesza\u0107 i od razu podawa\u0107.<\/p>\n","protected":false},"excerpt":{"rendered":"<p>Ok.30 dag brukselki, szklanka wyci\u015bni\u0119tego z pomara\u0144czy soku,2 \u0142y\u017cki mas\u0142a, \u0142y\u017cka startej sk\u00f3rki pomara\u0144czowej,2 \u0142y\u017cki posiekanego szczypiorku 1. Brukselk\u0119 oczy\u015bci\u0107 z uszkodzonych listk\u00f3w, poprzekrawa\u0107 na po\u0142\u00f3wki, pouk\u0142ada\u0107 na patelni stron\u0105 przekrojon\u0105 do do\u0142u, wla\u0107 sok pomara\u0144czowy i nie mieszaj\u0105c podgrzewa\u0107, aby brukselka si\u0119 nieco poddusi\u0142a a sok odparowa\u0142. 2. Doda\u0107 mas\u0142o, posypa\u0107 szczypiorkiem i start\u0105 [&hellip;]<\/p>\n","protected":false},"author":2,"featured_media":0,"comment_status":"open","ping_status":"open","sticky":false,"template":"","format":"standard","meta":{"footnotes":""},"categories":[1],"tags":[],"_links":{"self":[{"href":"https:\/\/blog.polityka.pl\/adamczewski\/wp-json\/wp\/v2\/posts\/11078"}],"collection":[{"href":"https:\/\/blog.polityka.pl\/adamczewski\/wp-json\/wp\/v2\/posts"}],"about":[{"href":"https:\/\/blog.polityka.pl\/adamczewski\/wp-json\/wp\/v2\/types\/post"}],"author":[{"embeddable":true,"href":"https:\/\/blog.polityka.pl\/adamczewski\/wp-json\/wp\/v2\/users\/2"}],"replies":[{"embeddable":true,"href":"https:\/\/blog.polityka.pl\/adamczewski\/wp-json\/wp\/v2\/comments?post=11078"}],"version-history":[{"count":0,"href":"https:\/\/blog.polityka.pl\/adamczewski\/wp-json\/wp\/v2\/posts\/11078\/revisions"}],"wp:attachment":[{"href":"https:\/\/blog.polityka.pl\/adamczewski\/wp-json\/wp\/v2\/media?parent=11078"}],"wp:term":[{"taxonomy":"category","embeddable":true,"href":"https:\/\/blog.polityka.pl\/adamczewski\/wp-json\/wp\/v2\/categories?post=11078"},{"taxonomy":"post_tag","embeddable":true,"href":"https:\/\/blog.polityka.pl\/adamczewski\/wp-json\/wp\/v2\/tags?post=11078"}],"curies":[{"name":"wp","href":"https:\/\/api.w.org\/{rel}","templated":true}]}}