
{"id":11079,"date":"2012-04-19T16:35:53","date_gmt":"2012-04-19T15:35:53","guid":{"rendered":"http:\/\/adamczewscy.pl\/?p=3495"},"modified":"2012-04-19T16:35:53","modified_gmt":"2012-04-19T15:35:53","slug":"fasolka-szparagowa-z-imbirem","status":"publish","type":"post","link":"https:\/\/blog.polityka.pl\/adamczewski\/2012\/04\/19\/fasolka-szparagowa-z-imbirem\/","title":{"rendered":"Fasolka szparagowa z imbirem"},"content":{"rendered":"<p><em>50 dag fasolki szparagowej, \u0142y\u017cka mas\u0142a, 3 szalotki, \u0142y\u017cka posiekanego drobno korzenia imbiru, s\u00f3l, 1\/2 \u0142y\u017ceczki startej pomara\u0144czowej sk\u00f3rki<\/em><\/p>\n<p>1.Poodcina\u0107  ko\u0144c\u00f3wki  fasolki, wrzuci\u0107 j\u0105 na wrz\u0105c\u0105 lekko osolon\u0105 wod\u0119 i ugotowa\u0107  do mi\u0119kko\u015bci, po czym odcedzi\u0107.<br \/>\n2.Rozpu\u015bci\u0107 na patelni mas\u0142o, doda\u0107 pokrojony imbir, po kilku minutach  doda\u0107 ods\u0105czon\u0105 fasolk\u0119, chwil\u0119 razem dusi\u0107 i doda\u0107 sk\u00f3rk\u0119 pomara\u0144czow\u0105 i jeszcze po wymieszaniu podgrzewa\u0107 chwil\u0119.<br \/>\nJest to dokona\u0142y dodatek do pieczonych mi\u0119s.<\/p>\n","protected":false},"excerpt":{"rendered":"<p>50 dag fasolki szparagowej, \u0142y\u017cka mas\u0142a, 3 szalotki, \u0142y\u017cka posiekanego drobno korzenia imbiru, s\u00f3l, 1\/2 \u0142y\u017ceczki startej pomara\u0144czowej sk\u00f3rki 1.Poodcina\u0107 ko\u0144c\u00f3wki fasolki, wrzuci\u0107 j\u0105 na wrz\u0105c\u0105 lekko osolon\u0105 wod\u0119 i ugotowa\u0107 do mi\u0119kko\u015bci, po czym odcedzi\u0107. 2.Rozpu\u015bci\u0107 na patelni mas\u0142o, doda\u0107 pokrojony imbir, po kilku minutach doda\u0107 ods\u0105czon\u0105 fasolk\u0119, chwil\u0119 razem dusi\u0107 i doda\u0107 sk\u00f3rk\u0119 [&hellip;]<\/p>\n","protected":false},"author":2,"featured_media":0,"comment_status":"open","ping_status":"open","sticky":false,"template":"","format":"standard","meta":{"footnotes":""},"categories":[1],"tags":[],"_links":{"self":[{"href":"https:\/\/blog.polityka.pl\/adamczewski\/wp-json\/wp\/v2\/posts\/11079"}],"collection":[{"href":"https:\/\/blog.polityka.pl\/adamczewski\/wp-json\/wp\/v2\/posts"}],"about":[{"href":"https:\/\/blog.polityka.pl\/adamczewski\/wp-json\/wp\/v2\/types\/post"}],"author":[{"embeddable":true,"href":"https:\/\/blog.polityka.pl\/adamczewski\/wp-json\/wp\/v2\/users\/2"}],"replies":[{"embeddable":true,"href":"https:\/\/blog.polityka.pl\/adamczewski\/wp-json\/wp\/v2\/comments?post=11079"}],"version-history":[{"count":0,"href":"https:\/\/blog.polityka.pl\/adamczewski\/wp-json\/wp\/v2\/posts\/11079\/revisions"}],"wp:attachment":[{"href":"https:\/\/blog.polityka.pl\/adamczewski\/wp-json\/wp\/v2\/media?parent=11079"}],"wp:term":[{"taxonomy":"category","embeddable":true,"href":"https:\/\/blog.polityka.pl\/adamczewski\/wp-json\/wp\/v2\/categories?post=11079"},{"taxonomy":"post_tag","embeddable":true,"href":"https:\/\/blog.polityka.pl\/adamczewski\/wp-json\/wp\/v2\/tags?post=11079"}],"curies":[{"name":"wp","href":"https:\/\/api.w.org\/{rel}","templated":true}]}}