
{"id":11080,"date":"2012-04-19T16:38:16","date_gmt":"2012-04-19T15:38:16","guid":{"rendered":"http:\/\/adamczewscy.pl\/?p=3496"},"modified":"2012-04-19T16:38:16","modified_gmt":"2012-04-19T15:38:16","slug":"gulasz-z-indyka-z-owocami","status":"publish","type":"post","link":"https:\/\/blog.polityka.pl\/adamczewski\/2012\/04\/19\/gulasz-z-indyka-z-owocami\/","title":{"rendered":"Gulasz z indyka z owocami"},"content":{"rendered":"<p><em>70 dag filetu z indyczej piersi, paczka selera naciowego,2 jab\u0142ka,2 banany, \u0142y\u017cka soku cytrynowego,2-3 \u0142y\u017cki oliwy z oliwek,2 \u0142y\u017ceczki \u0142agodnej przyprawy curry(dal amator\u00f3w ostro\u015bci mo\u017ce by\u0107 ostra),2 \u0142y\u017cki serka mascarpone i 2 \u0142y\u017cki g\u0119stej \u015bmietany, s\u00f3l, mielony bia\u0142y pieprz<\/em><\/p>\n<p>1.Pokroi\u0107 filet indyczy w cienkie paski, posypa\u0107 sol\u0105 i pieprzem, podsma\u017cy\u0107  na oliwie, po czym zdj\u0105\u0107 mi\u0119so z patelni i do\u0142o\u017cy\u0107 utrzymuj\u0105c w cieple.<br \/>\n2.Banany pokroi\u0107 w plasterki i jab\u0142ka w \u00f3semki, skropi\u0107  sokiem cytrynowym  .<br \/>\n3.Pokroi\u0107 \u0142odygi selera na centymetrowe kawa\u0142ki  i na pozosta\u0142ym na patelni t\u0142uszczu chwil\u0119 dusi\u0107 podlewaj\u0105c kilkoma \u0142y\u017ckami wody i dodaj\u0105c curry.<br \/>\n4.Do \u0142odyg selerowych doda\u0107 pokrojone owoce i dusi\u0107 oko\u0142o minuty, po czym w\u0142o\u017cy\u0107 na patelni\u0119 tak\u017ce  mi\u0119so i \u015bmietan\u0119 oraz serek mascarpone, doprowadzi\u0107 potraw\u0119 do wrzenia po czym sprawdzi\u0107,  czy nie trzeba lekko posoli\u0107. Podawa\u0107 z dodatkiem ry\u017cu na sypko.<\/p>\n","protected":false},"excerpt":{"rendered":"<p>70 dag filetu z indyczej piersi, paczka selera naciowego,2 jab\u0142ka,2 banany, \u0142y\u017cka soku cytrynowego,2-3 \u0142y\u017cki oliwy z oliwek,2 \u0142y\u017ceczki \u0142agodnej przyprawy curry(dal amator\u00f3w ostro\u015bci mo\u017ce by\u0107 ostra),2 \u0142y\u017cki serka mascarpone i 2 \u0142y\u017cki g\u0119stej \u015bmietany, s\u00f3l, mielony bia\u0142y pieprz 1.Pokroi\u0107 filet indyczy w cienkie paski, posypa\u0107 sol\u0105 i pieprzem, podsma\u017cy\u0107 na oliwie, po czym zdj\u0105\u0107 [&hellip;]<\/p>\n","protected":false},"author":2,"featured_media":0,"comment_status":"open","ping_status":"open","sticky":false,"template":"","format":"standard","meta":{"footnotes":""},"categories":[1],"tags":[],"_links":{"self":[{"href":"https:\/\/blog.polityka.pl\/adamczewski\/wp-json\/wp\/v2\/posts\/11080"}],"collection":[{"href":"https:\/\/blog.polityka.pl\/adamczewski\/wp-json\/wp\/v2\/posts"}],"about":[{"href":"https:\/\/blog.polityka.pl\/adamczewski\/wp-json\/wp\/v2\/types\/post"}],"author":[{"embeddable":true,"href":"https:\/\/blog.polityka.pl\/adamczewski\/wp-json\/wp\/v2\/users\/2"}],"replies":[{"embeddable":true,"href":"https:\/\/blog.polityka.pl\/adamczewski\/wp-json\/wp\/v2\/comments?post=11080"}],"version-history":[{"count":0,"href":"https:\/\/blog.polityka.pl\/adamczewski\/wp-json\/wp\/v2\/posts\/11080\/revisions"}],"wp:attachment":[{"href":"https:\/\/blog.polityka.pl\/adamczewski\/wp-json\/wp\/v2\/media?parent=11080"}],"wp:term":[{"taxonomy":"category","embeddable":true,"href":"https:\/\/blog.polityka.pl\/adamczewski\/wp-json\/wp\/v2\/categories?post=11080"},{"taxonomy":"post_tag","embeddable":true,"href":"https:\/\/blog.polityka.pl\/adamczewski\/wp-json\/wp\/v2\/tags?post=11080"}],"curies":[{"name":"wp","href":"https:\/\/api.w.org\/{rel}","templated":true}]}}