
{"id":11081,"date":"2012-04-19T16:40:53","date_gmt":"2012-04-19T15:40:53","guid":{"rendered":"http:\/\/adamczewscy.pl\/?p=3497"},"modified":"2012-04-19T16:40:53","modified_gmt":"2012-04-19T15:40:53","slug":"poledwiczki-marynowane-i-pieczone-w-mleku","status":"publish","type":"post","link":"https:\/\/blog.polityka.pl\/adamczewski\/2012\/04\/19\/poledwiczki-marynowane-i-pieczone-w-mleku\/","title":{"rendered":"Pol\u0119dwiczki marynowane i pieczone w mleku"},"content":{"rendered":"<p><em>4 spore pol\u0119dwiczki wieprzowe,5 szklanek mleka 3,2 proc., sok z 2 soczystych  cytryn, \u015brednia cebula, z\u0105bek czosnku,3 \u0142y\u017cki mas\u0142a, s\u00f3l, grubo mielony pieprz<\/em><\/p>\n<p>1. Pol\u0119dwiczki umy\u0107, osuszy\u0107 papierowym kuchennym r\u0119cznikiem, u\u0142o\u017cy\u0107 w brytfannie i zala\u0107 mlekiem zmieszanym z sokiem cytrynowym. Pod przykryciem z folii w\u0142o\u017cy\u0107 na noc do lod\u00f3wki.<br \/>\n2. Nast\u0119pnego dnia wyj\u0105c pol\u0119dwiczki z mleka, osuszy\u0107 i natrze\u0107 sol\u0105 i pieprzem, obsma\u017cy\u0107 na rozgrzanym ma\u015ble ze wszystkich stron i zn\u00f3w w\u0142o\u017cy\u0107 do brytfanny z mlekiem.<br \/>\n3. Na pozosta\u0142ym na patelni ma\u015ble zeszkli\u0107  posiekan\u0105 cebul\u0119 i przeci\u015bni\u0119ty przez prask\u0119 czosnek i doda\u0107 do pol\u0119dwiczek.<br \/>\n4. W temperaturze 175 st.  C piec pol\u0119dwiczki bez przykrycia oko\u0142o 2 godzin.<\/p>\n","protected":false},"excerpt":{"rendered":"<p>4 spore pol\u0119dwiczki wieprzowe,5 szklanek mleka 3,2 proc., sok z 2 soczystych cytryn, \u015brednia cebula, z\u0105bek czosnku,3 \u0142y\u017cki mas\u0142a, s\u00f3l, grubo mielony pieprz 1. Pol\u0119dwiczki umy\u0107, osuszy\u0107 papierowym kuchennym r\u0119cznikiem, u\u0142o\u017cy\u0107 w brytfannie i zala\u0107 mlekiem zmieszanym z sokiem cytrynowym. Pod przykryciem z folii w\u0142o\u017cy\u0107 na noc do lod\u00f3wki. 2. Nast\u0119pnego dnia wyj\u0105c pol\u0119dwiczki z [&hellip;]<\/p>\n","protected":false},"author":2,"featured_media":0,"comment_status":"open","ping_status":"open","sticky":false,"template":"","format":"standard","meta":{"footnotes":""},"categories":[1],"tags":[],"_links":{"self":[{"href":"https:\/\/blog.polityka.pl\/adamczewski\/wp-json\/wp\/v2\/posts\/11081"}],"collection":[{"href":"https:\/\/blog.polityka.pl\/adamczewski\/wp-json\/wp\/v2\/posts"}],"about":[{"href":"https:\/\/blog.polityka.pl\/adamczewski\/wp-json\/wp\/v2\/types\/post"}],"author":[{"embeddable":true,"href":"https:\/\/blog.polityka.pl\/adamczewski\/wp-json\/wp\/v2\/users\/2"}],"replies":[{"embeddable":true,"href":"https:\/\/blog.polityka.pl\/adamczewski\/wp-json\/wp\/v2\/comments?post=11081"}],"version-history":[{"count":0,"href":"https:\/\/blog.polityka.pl\/adamczewski\/wp-json\/wp\/v2\/posts\/11081\/revisions"}],"wp:attachment":[{"href":"https:\/\/blog.polityka.pl\/adamczewski\/wp-json\/wp\/v2\/media?parent=11081"}],"wp:term":[{"taxonomy":"category","embeddable":true,"href":"https:\/\/blog.polityka.pl\/adamczewski\/wp-json\/wp\/v2\/categories?post=11081"},{"taxonomy":"post_tag","embeddable":true,"href":"https:\/\/blog.polityka.pl\/adamczewski\/wp-json\/wp\/v2\/tags?post=11081"}],"curies":[{"name":"wp","href":"https:\/\/api.w.org\/{rel}","templated":true}]}}