
{"id":11082,"date":"2012-04-27T06:27:41","date_gmt":"2012-04-27T05:27:41","guid":{"rendered":"http:\/\/adamczewscy.pl\/?p=3499"},"modified":"2012-04-27T06:27:41","modified_gmt":"2012-04-27T05:27:41","slug":"ryba-morska-z-rusztu","status":"publish","type":"post","link":"https:\/\/blog.polityka.pl\/adamczewski\/2012\/04\/27\/ryba-morska-z-rusztu\/","title":{"rendered":"Ryba morska z rusztu"},"content":{"rendered":"<p><em>60 dag \u015bwie\u017cych filet\u00f3w z dorsza lub innej bia\u0142ej ryby morskiej, 2 \u0142y\u017cki oliwy, \u0142y\u017cka soku z cytryny, \u0142y\u017ceczka mielonej czerwonej s\u0142odkiej papryki, s\u00f3l, pieprz<\/em><\/p>\n<p>1. Filety umy\u0107, wytrze\u0107 kuchenn\u0105 papierow\u0105 \u015bciereczk\u0105 i podzieli\u0107 na niewielkie kawa\u0142ki, lekko opr\u00f3szy\u0107 sol\u0105 i pieprzem.<br \/>\n2. \u0141y\u017ck\u0119 oliwy wymiesza\u0107 z sokiem cytrynowym, dok\u0142adnie posmarowa\u0107 nim ryby i odstawi\u0107 na godzin\u0119.<br \/>\n3. Blaszk\u0119 posmarowa\u0107 pozosta\u0142\u0105 oliw\u0105, pouk\u0142ada\u0107 na blaszce kawa\u0142ki ryby,  nagrza\u0107 piekarnik do 180-190 st. C i piec najpierw 7 minut, po czym przewr\u00f3ci\u0107 ryby na drug\u0105 stron\u0119 i zn\u00f3w piec 7 minut. <\/p>\n","protected":false},"excerpt":{"rendered":"<p>60 dag \u015bwie\u017cych filet\u00f3w z dorsza lub innej bia\u0142ej ryby morskiej, 2 \u0142y\u017cki oliwy, \u0142y\u017cka soku z cytryny, \u0142y\u017ceczka mielonej czerwonej s\u0142odkiej papryki, s\u00f3l, pieprz 1. Filety umy\u0107, wytrze\u0107 kuchenn\u0105 papierow\u0105 \u015bciereczk\u0105 i podzieli\u0107 na niewielkie kawa\u0142ki, lekko opr\u00f3szy\u0107 sol\u0105 i pieprzem. 2. \u0141y\u017ck\u0119 oliwy wymiesza\u0107 z sokiem cytrynowym, dok\u0142adnie posmarowa\u0107 nim ryby i odstawi\u0107 [&hellip;]<\/p>\n","protected":false},"author":2,"featured_media":0,"comment_status":"open","ping_status":"open","sticky":false,"template":"","format":"standard","meta":{"footnotes":""},"categories":[1],"tags":[],"_links":{"self":[{"href":"https:\/\/blog.polityka.pl\/adamczewski\/wp-json\/wp\/v2\/posts\/11082"}],"collection":[{"href":"https:\/\/blog.polityka.pl\/adamczewski\/wp-json\/wp\/v2\/posts"}],"about":[{"href":"https:\/\/blog.polityka.pl\/adamczewski\/wp-json\/wp\/v2\/types\/post"}],"author":[{"embeddable":true,"href":"https:\/\/blog.polityka.pl\/adamczewski\/wp-json\/wp\/v2\/users\/2"}],"replies":[{"embeddable":true,"href":"https:\/\/blog.polityka.pl\/adamczewski\/wp-json\/wp\/v2\/comments?post=11082"}],"version-history":[{"count":0,"href":"https:\/\/blog.polityka.pl\/adamczewski\/wp-json\/wp\/v2\/posts\/11082\/revisions"}],"wp:attachment":[{"href":"https:\/\/blog.polityka.pl\/adamczewski\/wp-json\/wp\/v2\/media?parent=11082"}],"wp:term":[{"taxonomy":"category","embeddable":true,"href":"https:\/\/blog.polityka.pl\/adamczewski\/wp-json\/wp\/v2\/categories?post=11082"},{"taxonomy":"post_tag","embeddable":true,"href":"https:\/\/blog.polityka.pl\/adamczewski\/wp-json\/wp\/v2\/tags?post=11082"}],"curies":[{"name":"wp","href":"https:\/\/api.w.org\/{rel}","templated":true}]}}