
{"id":11083,"date":"2012-04-27T06:28:23","date_gmt":"2012-04-27T05:28:23","guid":{"rendered":"http:\/\/adamczewscy.pl\/?p=3500"},"modified":"2012-04-27T06:28:23","modified_gmt":"2012-04-27T05:28:23","slug":"szparagi-zapiekane-w-boczku","status":"publish","type":"post","link":"https:\/\/blog.polityka.pl\/adamczewski\/2012\/04\/27\/szparagi-zapiekane-w-boczku\/","title":{"rendered":"Szparagi zapiekane w boczku"},"content":{"rendered":"<p><em>P\u0119czek szparag\u00f3w, 4 pomidory, 8 plasterk\u00f3w w\u0119dzonego boczku, 1\/2 cytryny, jak najmniejsza cebula, cukier, kilka listk\u00f3w bazylii, s\u00f3l, pieprz, 4 \u0142y\u017cki oliwy z oliwek<\/em><\/p>\n<p>1. Obra\u0107 szparagi z twardych w\u0142\u00f3kien, umy\u0107 i ugotowa\u0107 we wrz\u0105cej wodzie z cukrem, sol\u0105 i sokiem cytrynowym, odcedzi\u0107, przela\u0107 zimn\u0105 wod\u0105.<br \/>\n2. Podzieli\u0107 szparagi na 4 porcje, ka\u017cd\u0105 owin\u0105\u0107 2plasterkami w\u0119dzonego boczku, opr\u00f3szy\u0107 sol\u0105 i pieprzem, skropi\u0107 \u0142y\u017ck\u0105 oliwy. Opiec pod grillem w piekarniku lub na grillu ogrodowym ze wszystkich stron.<br \/>\n3. Pomidory pokroi\u0107 w kostk\u0119, doda\u0107 posiekan\u0105 drobno cebul\u0119, porwane drobno listki bazylii, s\u00f3l, pieprz i pozosta\u0142\u0105 oliw\u0119, wymiesza\u0107.<br \/>\n4. Podawa\u0107 sa\u0142atk\u0119 z pomidor\u00f3w obok szparag\u00f3w. <\/p>\n","protected":false},"excerpt":{"rendered":"<p>P\u0119czek szparag\u00f3w, 4 pomidory, 8 plasterk\u00f3w w\u0119dzonego boczku, 1\/2 cytryny, jak najmniejsza cebula, cukier, kilka listk\u00f3w bazylii, s\u00f3l, pieprz, 4 \u0142y\u017cki oliwy z oliwek 1. Obra\u0107 szparagi z twardych w\u0142\u00f3kien, umy\u0107 i ugotowa\u0107 we wrz\u0105cej wodzie z cukrem, sol\u0105 i sokiem cytrynowym, odcedzi\u0107, przela\u0107 zimn\u0105 wod\u0105. 2. Podzieli\u0107 szparagi na 4 porcje, ka\u017cd\u0105 owin\u0105\u0107 2plasterkami [&hellip;]<\/p>\n","protected":false},"author":2,"featured_media":0,"comment_status":"open","ping_status":"open","sticky":false,"template":"","format":"standard","meta":{"footnotes":""},"categories":[1],"tags":[],"_links":{"self":[{"href":"https:\/\/blog.polityka.pl\/adamczewski\/wp-json\/wp\/v2\/posts\/11083"}],"collection":[{"href":"https:\/\/blog.polityka.pl\/adamczewski\/wp-json\/wp\/v2\/posts"}],"about":[{"href":"https:\/\/blog.polityka.pl\/adamczewski\/wp-json\/wp\/v2\/types\/post"}],"author":[{"embeddable":true,"href":"https:\/\/blog.polityka.pl\/adamczewski\/wp-json\/wp\/v2\/users\/2"}],"replies":[{"embeddable":true,"href":"https:\/\/blog.polityka.pl\/adamczewski\/wp-json\/wp\/v2\/comments?post=11083"}],"version-history":[{"count":0,"href":"https:\/\/blog.polityka.pl\/adamczewski\/wp-json\/wp\/v2\/posts\/11083\/revisions"}],"wp:attachment":[{"href":"https:\/\/blog.polityka.pl\/adamczewski\/wp-json\/wp\/v2\/media?parent=11083"}],"wp:term":[{"taxonomy":"category","embeddable":true,"href":"https:\/\/blog.polityka.pl\/adamczewski\/wp-json\/wp\/v2\/categories?post=11083"},{"taxonomy":"post_tag","embeddable":true,"href":"https:\/\/blog.polityka.pl\/adamczewski\/wp-json\/wp\/v2\/tags?post=11083"}],"curies":[{"name":"wp","href":"https:\/\/api.w.org\/{rel}","templated":true}]}}