
{"id":11084,"date":"2012-04-27T06:30:07","date_gmt":"2012-04-27T05:30:07","guid":{"rendered":"http:\/\/adamczewscy.pl\/?p=3501"},"modified":"2012-04-27T06:30:07","modified_gmt":"2012-04-27T05:30:07","slug":"flaczki-z-drobiowych-zoladkow","status":"publish","type":"post","link":"https:\/\/blog.polityka.pl\/adamczewski\/2012\/04\/27\/flaczki-z-drobiowych-zoladkow\/","title":{"rendered":"Flaczki z drobiowych \u017co\u0142\u0105dk\u00f3w"},"content":{"rendered":"<p><em>1 kg \u017co\u0142\u0105dk\u00f3w drobiowych, 2 opakowania mro\u017conej, krojonej w\u0142oszczyzny, gotowa przyprawa do flak\u00f3w, Vegeta do smaku, li\u015b\u0107 laurowy, ziele angielskie, s\u00f3l, pieprz<br \/>\n<\/em><br \/>\n1. \u017bo\u0142\u0105dki oczy\u015bci\u0107 z pozosta\u0142o\u015bci t\u0142uszczu, umy\u0107, zala\u0107 4 szklankami wody,<br \/>\ndoda\u0107 przypraw\u0119 vegeta i gotowa\u0107 oko\u0142o godziny. Wyj\u0105\u0107 \u0142y\u017ck\u0105 cedzakow\u0105 i wystudzi\u0107 \u017co\u0142\u0105dki, wywar pozostawi\u0107.<br \/>\n2. Wystudzone \u017co\u0142\u0105dki pokroi\u0107 w paski, doda\u0107 do bulionu, wrzuci\u0107 li\u015b\u0107 laurowy i ziele angielskie, wla\u0107 jeszcze 2 szklanki wody i zn\u00f3w gotowa\u0107 godzin\u0119. Po up\u0142ywie tego czasu doda\u0107 w\u0142oszczyzn\u0119, przypraw\u0119 do zup i, je\u015bli trzeba, jeszcze Vegety, gotowa\u0107 wszystko razem dot\u0105d, dop\u00f3ki \u017co\u0142\u0105dki nie b\u0119d\u0105 mi\u0119kkie. <\/p>\n","protected":false},"excerpt":{"rendered":"<p>1 kg \u017co\u0142\u0105dk\u00f3w drobiowych, 2 opakowania mro\u017conej, krojonej w\u0142oszczyzny, gotowa przyprawa do flak\u00f3w, Vegeta do smaku, li\u015b\u0107 laurowy, ziele angielskie, s\u00f3l, pieprz 1. \u017bo\u0142\u0105dki oczy\u015bci\u0107 z pozosta\u0142o\u015bci t\u0142uszczu, umy\u0107, zala\u0107 4 szklankami wody, doda\u0107 przypraw\u0119 vegeta i gotowa\u0107 oko\u0142o godziny. Wyj\u0105\u0107 \u0142y\u017ck\u0105 cedzakow\u0105 i wystudzi\u0107 \u017co\u0142\u0105dki, wywar pozostawi\u0107. 2. Wystudzone \u017co\u0142\u0105dki pokroi\u0107 w paski, doda\u0107 [&hellip;]<\/p>\n","protected":false},"author":2,"featured_media":0,"comment_status":"open","ping_status":"open","sticky":false,"template":"","format":"standard","meta":{"footnotes":""},"categories":[1],"tags":[],"_links":{"self":[{"href":"https:\/\/blog.polityka.pl\/adamczewski\/wp-json\/wp\/v2\/posts\/11084"}],"collection":[{"href":"https:\/\/blog.polityka.pl\/adamczewski\/wp-json\/wp\/v2\/posts"}],"about":[{"href":"https:\/\/blog.polityka.pl\/adamczewski\/wp-json\/wp\/v2\/types\/post"}],"author":[{"embeddable":true,"href":"https:\/\/blog.polityka.pl\/adamczewski\/wp-json\/wp\/v2\/users\/2"}],"replies":[{"embeddable":true,"href":"https:\/\/blog.polityka.pl\/adamczewski\/wp-json\/wp\/v2\/comments?post=11084"}],"version-history":[{"count":0,"href":"https:\/\/blog.polityka.pl\/adamczewski\/wp-json\/wp\/v2\/posts\/11084\/revisions"}],"wp:attachment":[{"href":"https:\/\/blog.polityka.pl\/adamczewski\/wp-json\/wp\/v2\/media?parent=11084"}],"wp:term":[{"taxonomy":"category","embeddable":true,"href":"https:\/\/blog.polityka.pl\/adamczewski\/wp-json\/wp\/v2\/categories?post=11084"},{"taxonomy":"post_tag","embeddable":true,"href":"https:\/\/blog.polityka.pl\/adamczewski\/wp-json\/wp\/v2\/tags?post=11084"}],"curies":[{"name":"wp","href":"https:\/\/api.w.org\/{rel}","templated":true}]}}