
{"id":11085,"date":"2012-04-27T06:30:54","date_gmt":"2012-04-27T05:30:54","guid":{"rendered":"http:\/\/adamczewscy.pl\/?p=3502"},"modified":"2012-04-27T06:30:54","modified_gmt":"2012-04-27T05:30:54","slug":"wegetarianskie-zapiekane-ziemniaki","status":"publish","type":"post","link":"https:\/\/blog.polityka.pl\/adamczewski\/2012\/04\/27\/wegetarianskie-zapiekane-ziemniaki\/","title":{"rendered":"Wegetaria\u0144skie zapiekane ziemniaki"},"content":{"rendered":"<p><em>60-80 dag jak najmniejszych ziemniak\u00f3w (nie m\u0142odych!), 10 ma\u0142ych koktajlowych pomidork\u00f3w, 4z\u0105bki czosnku, 5 listk\u00f3w \u015bwie\u017cej sza\u0142wii, \u0142y\u017ceczka \u015bwie\u017cych igie\u0142ek rozmarynu, s\u00f3l, pieprz, 5 \u0142y\u017cek oliwy lub oleju, szklanka startego parmezanu<br \/>\n<\/em><br \/>\n1. Ziemniaki obra\u0107, umy\u0107 i ugotowa\u0107 tak, aby by\u0142y mi\u0119kkie , ale si\u0119 nie rozgotowa\u0142y, odcedzi\u0107.<br \/>\n2. Wysmarowa\u0107 obficie olejem lub oliw\u0105 naczynie do zapiekania (doskonale sprawdza si\u0119 foremka z aluminiowej folii). Na spodzie naczynia roz\u0142o\u017cy\u0107 ziemniaki, najlepiej jedn\u0105 warstw\u0105, posypa\u0107 sol\u0105, pieprzem, porwanymi listkami sza\u0142wii i rozmarynem.<br \/>\n3. Czosnek posieka\u0107 jak najdrobniej i rozrzuci\u0107 na ziemniakach. Posypa\u0107 wierzch parmezanem.<br \/>\n4. Wstawi\u0107 ziemniaki do piekarnika nagrzanego do temperatury 200 st. C i zapieka\u0107 15 minut. <\/p>\n","protected":false},"excerpt":{"rendered":"<p>60-80 dag jak najmniejszych ziemniak\u00f3w (nie m\u0142odych!), 10 ma\u0142ych koktajlowych pomidork\u00f3w, 4z\u0105bki czosnku, 5 listk\u00f3w \u015bwie\u017cej sza\u0142wii, \u0142y\u017ceczka \u015bwie\u017cych igie\u0142ek rozmarynu, s\u00f3l, pieprz, 5 \u0142y\u017cek oliwy lub oleju, szklanka startego parmezanu 1. Ziemniaki obra\u0107, umy\u0107 i ugotowa\u0107 tak, aby by\u0142y mi\u0119kkie , ale si\u0119 nie rozgotowa\u0142y, odcedzi\u0107. 2. Wysmarowa\u0107 obficie olejem lub oliw\u0105 naczynie do [&hellip;]<\/p>\n","protected":false},"author":2,"featured_media":0,"comment_status":"open","ping_status":"open","sticky":false,"template":"","format":"standard","meta":{"footnotes":""},"categories":[1],"tags":[],"_links":{"self":[{"href":"https:\/\/blog.polityka.pl\/adamczewski\/wp-json\/wp\/v2\/posts\/11085"}],"collection":[{"href":"https:\/\/blog.polityka.pl\/adamczewski\/wp-json\/wp\/v2\/posts"}],"about":[{"href":"https:\/\/blog.polityka.pl\/adamczewski\/wp-json\/wp\/v2\/types\/post"}],"author":[{"embeddable":true,"href":"https:\/\/blog.polityka.pl\/adamczewski\/wp-json\/wp\/v2\/users\/2"}],"replies":[{"embeddable":true,"href":"https:\/\/blog.polityka.pl\/adamczewski\/wp-json\/wp\/v2\/comments?post=11085"}],"version-history":[{"count":0,"href":"https:\/\/blog.polityka.pl\/adamczewski\/wp-json\/wp\/v2\/posts\/11085\/revisions"}],"wp:attachment":[{"href":"https:\/\/blog.polityka.pl\/adamczewski\/wp-json\/wp\/v2\/media?parent=11085"}],"wp:term":[{"taxonomy":"category","embeddable":true,"href":"https:\/\/blog.polityka.pl\/adamczewski\/wp-json\/wp\/v2\/categories?post=11085"},{"taxonomy":"post_tag","embeddable":true,"href":"https:\/\/blog.polityka.pl\/adamczewski\/wp-json\/wp\/v2\/tags?post=11085"}],"curies":[{"name":"wp","href":"https:\/\/api.w.org\/{rel}","templated":true}]}}