
{"id":11086,"date":"2012-04-27T06:31:42","date_gmt":"2012-04-27T05:31:42","guid":{"rendered":"http:\/\/adamczewscy.pl\/?p=3503"},"modified":"2012-04-27T06:31:42","modified_gmt":"2012-04-27T05:31:42","slug":"zupa-rybna-naddunajska","status":"publish","type":"post","link":"https:\/\/blog.polityka.pl\/adamczewski\/2012\/04\/27\/zupa-rybna-naddunajska\/","title":{"rendered":"Zupa rybna naddunajska"},"content":{"rendered":"<p><em>Karp wagi ok. 1 kg, 2 \u015brednie cebule, 5 dag s\u0142odkiej sproszkowanej papryki, 2 ostre papryczki, najlepiej chili, s\u00f3l, 2 szklanki ugotowanego cienkiego makaronu<br \/>\n<\/em><br \/>\n1. Oczy\u015bci\u0107 karpia odcinaj\u0105c g\u0142ow\u0119 i ogon i pokroi\u0107 tuszk\u0119 na plastry. Cebul\u0119 pokroi\u0107 w kostk\u0119.<br \/>\n2. W garnku u\u0142o\u017cy\u0107 na dnie cebul\u0119, wla\u0107 6 szklanek wody i wszystkie plasterki ryby. Kiedy ca\u0142o\u015b\u0107 si\u0119 zagotuje wsypa\u0107 po\u0142ow\u0119 s\u0142odkiej papryki oraz rozdrobnione ostre, doprawi\u0107 sol\u0105 i gotowa\u0107 p\u00f3\u0142 godziny.<br \/>\n3. Po tym czasie doda\u0107 pozosta\u0142\u0105 s\u0142odk\u0105 papryk\u0119 i gotowa\u0107 dodatkowo 10 minut. Podawa\u0107 z makaronem. <\/p>\n","protected":false},"excerpt":{"rendered":"<p>Karp wagi ok. 1 kg, 2 \u015brednie cebule, 5 dag s\u0142odkiej sproszkowanej papryki, 2 ostre papryczki, najlepiej chili, s\u00f3l, 2 szklanki ugotowanego cienkiego makaronu 1. Oczy\u015bci\u0107 karpia odcinaj\u0105c g\u0142ow\u0119 i ogon i pokroi\u0107 tuszk\u0119 na plastry. Cebul\u0119 pokroi\u0107 w kostk\u0119. 2. W garnku u\u0142o\u017cy\u0107 na dnie cebul\u0119, wla\u0107 6 szklanek wody i wszystkie plasterki ryby. [&hellip;]<\/p>\n","protected":false},"author":2,"featured_media":0,"comment_status":"open","ping_status":"open","sticky":false,"template":"","format":"standard","meta":{"footnotes":""},"categories":[1],"tags":[],"_links":{"self":[{"href":"https:\/\/blog.polityka.pl\/adamczewski\/wp-json\/wp\/v2\/posts\/11086"}],"collection":[{"href":"https:\/\/blog.polityka.pl\/adamczewski\/wp-json\/wp\/v2\/posts"}],"about":[{"href":"https:\/\/blog.polityka.pl\/adamczewski\/wp-json\/wp\/v2\/types\/post"}],"author":[{"embeddable":true,"href":"https:\/\/blog.polityka.pl\/adamczewski\/wp-json\/wp\/v2\/users\/2"}],"replies":[{"embeddable":true,"href":"https:\/\/blog.polityka.pl\/adamczewski\/wp-json\/wp\/v2\/comments?post=11086"}],"version-history":[{"count":0,"href":"https:\/\/blog.polityka.pl\/adamczewski\/wp-json\/wp\/v2\/posts\/11086\/revisions"}],"wp:attachment":[{"href":"https:\/\/blog.polityka.pl\/adamczewski\/wp-json\/wp\/v2\/media?parent=11086"}],"wp:term":[{"taxonomy":"category","embeddable":true,"href":"https:\/\/blog.polityka.pl\/adamczewski\/wp-json\/wp\/v2\/categories?post=11086"},{"taxonomy":"post_tag","embeddable":true,"href":"https:\/\/blog.polityka.pl\/adamczewski\/wp-json\/wp\/v2\/tags?post=11086"}],"curies":[{"name":"wp","href":"https:\/\/api.w.org\/{rel}","templated":true}]}}