
{"id":11087,"date":"2012-05-04T06:46:38","date_gmt":"2012-05-04T05:46:38","guid":{"rendered":"http:\/\/adamczewscy.pl\/?p=3508"},"modified":"2012-05-04T06:46:38","modified_gmt":"2012-05-04T05:46:38","slug":"kurczak-w-sosie-pomidorowo-pieczarkowym","status":"publish","type":"post","link":"https:\/\/blog.polityka.pl\/adamczewski\/2012\/05\/04\/kurczak-w-sosie-pomidorowo-pieczarkowym\/","title":{"rendered":"Kurczak w sosie pomidorowo-pieczarkowym"},"content":{"rendered":"<p><em>2 podw\u00f3jne filety z piersi kurcz\u0119cej, \u0142y\u017ceczka s\u0142odkiej mielonej papryki, 2 dymki, 4 pomidory, 20 dag pieczarek, ? szklanki g\u0119stej \u015bmietany, najlepiej 22-proc., \u0142y\u017cka m\u0105ki, s\u00f3l, pieprz<br \/>\n<\/em><br \/>\n1. Filety poprzekrawa\u0107 na po\u0142owy, rozbi\u0107 na cienkie p\u0142aty, posypa\u0107 pieprzem i sol\u0105 i odstawi\u0107 na p\u00f3\u0142 godziny.<br \/>\n2. W g\u0142\u0119bokiej patelni rozgrza\u0107 oliw\u0119 z mas\u0142em, doda\u0107 mielon\u0105 papryk\u0119, usma\u017cy\u0107 przygotowane mi\u0119so z obu stron i od\u0142o\u017cy\u0107 je w ciep\u0142e miejsce.<br \/>\n3. Cebul\u0119 posieka\u0107, pieczarki pokroi\u0107 w cienkie plasterki, wrzuci\u0107 na patelni\u0119, na kt\u00f3rej pozosta\u0142 t\u0142uszcz od sma\u017cenia mi\u0119sa, sma\u017cy\u0107 4 minuty<br \/>\n4. Pomidory sparzy\u0107, obra\u0107 ze sk\u00f3rki i pokroi\u0107 drobno, doda\u0107 do patelni z pieczarkami, zagotowa\u0107.<br \/>\n5. M\u0105k\u0119 wymiesza\u0107 ze \u015bmietan\u0105, doda\u0107 do pieczarek z pomidorami, 3 minuty gotowa\u0107, doprawi\u0107 pieprzem i sol\u0105.<br \/>\nSosem pola\u0107 mi\u0119so i od razu podawa\u0107. <\/p>\n","protected":false},"excerpt":{"rendered":"<p>2 podw\u00f3jne filety z piersi kurcz\u0119cej, \u0142y\u017ceczka s\u0142odkiej mielonej papryki, 2 dymki, 4 pomidory, 20 dag pieczarek, ? szklanki g\u0119stej \u015bmietany, najlepiej 22-proc., \u0142y\u017cka m\u0105ki, s\u00f3l, pieprz 1. Filety poprzekrawa\u0107 na po\u0142owy, rozbi\u0107 na cienkie p\u0142aty, posypa\u0107 pieprzem i sol\u0105 i odstawi\u0107 na p\u00f3\u0142 godziny. 2. W g\u0142\u0119bokiej patelni rozgrza\u0107 oliw\u0119 z mas\u0142em, doda\u0107 mielon\u0105 [&hellip;]<\/p>\n","protected":false},"author":2,"featured_media":0,"comment_status":"open","ping_status":"open","sticky":false,"template":"","format":"standard","meta":{"footnotes":""},"categories":[1],"tags":[],"_links":{"self":[{"href":"https:\/\/blog.polityka.pl\/adamczewski\/wp-json\/wp\/v2\/posts\/11087"}],"collection":[{"href":"https:\/\/blog.polityka.pl\/adamczewski\/wp-json\/wp\/v2\/posts"}],"about":[{"href":"https:\/\/blog.polityka.pl\/adamczewski\/wp-json\/wp\/v2\/types\/post"}],"author":[{"embeddable":true,"href":"https:\/\/blog.polityka.pl\/adamczewski\/wp-json\/wp\/v2\/users\/2"}],"replies":[{"embeddable":true,"href":"https:\/\/blog.polityka.pl\/adamczewski\/wp-json\/wp\/v2\/comments?post=11087"}],"version-history":[{"count":0,"href":"https:\/\/blog.polityka.pl\/adamczewski\/wp-json\/wp\/v2\/posts\/11087\/revisions"}],"wp:attachment":[{"href":"https:\/\/blog.polityka.pl\/adamczewski\/wp-json\/wp\/v2\/media?parent=11087"}],"wp:term":[{"taxonomy":"category","embeddable":true,"href":"https:\/\/blog.polityka.pl\/adamczewski\/wp-json\/wp\/v2\/categories?post=11087"},{"taxonomy":"post_tag","embeddable":true,"href":"https:\/\/blog.polityka.pl\/adamczewski\/wp-json\/wp\/v2\/tags?post=11087"}],"curies":[{"name":"wp","href":"https:\/\/api.w.org\/{rel}","templated":true}]}}