
{"id":11088,"date":"2012-05-04T06:47:18","date_gmt":"2012-05-04T05:47:18","guid":{"rendered":"http:\/\/adamczewscy.pl\/?p=3509"},"modified":"2012-05-04T06:47:18","modified_gmt":"2012-05-04T05:47:18","slug":"duszone-ogorki-2","status":"publish","type":"post","link":"https:\/\/blog.polityka.pl\/adamczewski\/2012\/05\/04\/duszone-ogorki-2\/","title":{"rendered":"Duszone og\u00f3rki"},"content":{"rendered":"<p><em>4 du\u017ce og\u00f3rki, 2 \u0142y\u017cki oleju, 2 z\u0105bki czosnku, szczypta nasion kopru, 1\/2 szklanki \u015bmietany, \u0142y\u017cka m\u0105ki, s\u00f3l, 2 \u0142y\u017cki siekanego koperku<br \/>\n<\/em><br \/>\n1. Og\u00f3rki obra\u0107 ze sk\u00f3rki, pokroi\u0107 na \u0107wiartki wzd\u0142u\u017c, wykroi\u0107 pestki z odrobin\u0105 mi\u0119kiszu i podzieli\u0107 na 5 centymetrowe kawa\u0142ki.<br \/>\n2. Czosnek drobno posieka\u0107, zeszkli\u0107 na oleju, doda\u0107 pokrojone og\u00f3rki i nasiona kopru, doda\u0107 4 &#8211; 5 \u0142y\u017cek wody, lekko posoli\u0107. Dusi\u0107 og\u00f3rki pod przykryciem, od czasu do czasu zamiesza\u0107.<br \/>\n3. Do mi\u0119kkich og\u00f3rk\u00f3w doda\u0107 wymieszan\u0105 z m\u0105k\u0105 \u015bmietan\u0119, zagotowa\u0107, posypa\u0107 siekanym koperkiem. <\/p>\n","protected":false},"excerpt":{"rendered":"<p>4 du\u017ce og\u00f3rki, 2 \u0142y\u017cki oleju, 2 z\u0105bki czosnku, szczypta nasion kopru, 1\/2 szklanki \u015bmietany, \u0142y\u017cka m\u0105ki, s\u00f3l, 2 \u0142y\u017cki siekanego koperku 1. Og\u00f3rki obra\u0107 ze sk\u00f3rki, pokroi\u0107 na \u0107wiartki wzd\u0142u\u017c, wykroi\u0107 pestki z odrobin\u0105 mi\u0119kiszu i podzieli\u0107 na 5 centymetrowe kawa\u0142ki. 2. Czosnek drobno posieka\u0107, zeszkli\u0107 na oleju, doda\u0107 pokrojone og\u00f3rki i nasiona kopru, [&hellip;]<\/p>\n","protected":false},"author":2,"featured_media":0,"comment_status":"open","ping_status":"open","sticky":false,"template":"","format":"standard","meta":{"footnotes":""},"categories":[1],"tags":[],"_links":{"self":[{"href":"https:\/\/blog.polityka.pl\/adamczewski\/wp-json\/wp\/v2\/posts\/11088"}],"collection":[{"href":"https:\/\/blog.polityka.pl\/adamczewski\/wp-json\/wp\/v2\/posts"}],"about":[{"href":"https:\/\/blog.polityka.pl\/adamczewski\/wp-json\/wp\/v2\/types\/post"}],"author":[{"embeddable":true,"href":"https:\/\/blog.polityka.pl\/adamczewski\/wp-json\/wp\/v2\/users\/2"}],"replies":[{"embeddable":true,"href":"https:\/\/blog.polityka.pl\/adamczewski\/wp-json\/wp\/v2\/comments?post=11088"}],"version-history":[{"count":0,"href":"https:\/\/blog.polityka.pl\/adamczewski\/wp-json\/wp\/v2\/posts\/11088\/revisions"}],"wp:attachment":[{"href":"https:\/\/blog.polityka.pl\/adamczewski\/wp-json\/wp\/v2\/media?parent=11088"}],"wp:term":[{"taxonomy":"category","embeddable":true,"href":"https:\/\/blog.polityka.pl\/adamczewski\/wp-json\/wp\/v2\/categories?post=11088"},{"taxonomy":"post_tag","embeddable":true,"href":"https:\/\/blog.polityka.pl\/adamczewski\/wp-json\/wp\/v2\/tags?post=11088"}],"curies":[{"name":"wp","href":"https:\/\/api.w.org\/{rel}","templated":true}]}}