
{"id":11089,"date":"2012-05-04T06:48:14","date_gmt":"2012-05-04T05:48:14","guid":{"rendered":"http:\/\/adamczewscy.pl\/?p=3510"},"modified":"2012-05-04T06:48:14","modified_gmt":"2012-05-04T05:48:14","slug":"chlodnik-na-sposob-wiejski","status":"publish","type":"post","link":"https:\/\/blog.polityka.pl\/adamczewski\/2012\/05\/04\/chlodnik-na-sposob-wiejski\/","title":{"rendered":"Ch\u0142odnik na spos\u00f3b wiejski"},"content":{"rendered":"<p><em>6 szklanek ma\u015blanki, szklanka \u015bmietany, 20 dag t\u0142ustego bia\u0142ego sera, p\u0119czek rzodkiewek, 2 dymki, 2 jaja ugotowane na twardo, \u0142y\u017cka mas\u0142a, s\u00f3l, cukier do smaku<br \/>\n<\/em><br \/>\n1. Dymki oczy\u015bci\u0107, pokroi\u0107 wraz ze szczypiorem, podsma\u017cy\u0107 na ma\u015ble, ostudzi\u0107.<br \/>\n2. Rzodkiewki oczy\u015bci\u0107, zetrze\u0107 na tarce o du\u017cych oczkach.<br \/>\n3. Ma\u015blank\u0119 wymiesza\u0107 ze \u015bmietan\u0105 przy pomocy trzepaczki do piany, doda\u0107 podsma\u017cone cebule starte rzodkiewki, pokrojone na \u0107wiartki jaja oraz pokrojony w kostk\u0119 bia\u0142y ser, doprawi\u0107 do smaku sol\u0105 i cukrem.<br \/>\nCh\u0142odnik taki mo\u017cna podawa\u0107 z ziemniakami z wody posypanymi skwarkami. <\/p>\n","protected":false},"excerpt":{"rendered":"<p>6 szklanek ma\u015blanki, szklanka \u015bmietany, 20 dag t\u0142ustego bia\u0142ego sera, p\u0119czek rzodkiewek, 2 dymki, 2 jaja ugotowane na twardo, \u0142y\u017cka mas\u0142a, s\u00f3l, cukier do smaku 1. Dymki oczy\u015bci\u0107, pokroi\u0107 wraz ze szczypiorem, podsma\u017cy\u0107 na ma\u015ble, ostudzi\u0107. 2. Rzodkiewki oczy\u015bci\u0107, zetrze\u0107 na tarce o du\u017cych oczkach. 3. Ma\u015blank\u0119 wymiesza\u0107 ze \u015bmietan\u0105 przy pomocy trzepaczki do piany, [&hellip;]<\/p>\n","protected":false},"author":2,"featured_media":0,"comment_status":"open","ping_status":"open","sticky":false,"template":"","format":"standard","meta":{"footnotes":""},"categories":[1],"tags":[],"_links":{"self":[{"href":"https:\/\/blog.polityka.pl\/adamczewski\/wp-json\/wp\/v2\/posts\/11089"}],"collection":[{"href":"https:\/\/blog.polityka.pl\/adamczewski\/wp-json\/wp\/v2\/posts"}],"about":[{"href":"https:\/\/blog.polityka.pl\/adamczewski\/wp-json\/wp\/v2\/types\/post"}],"author":[{"embeddable":true,"href":"https:\/\/blog.polityka.pl\/adamczewski\/wp-json\/wp\/v2\/users\/2"}],"replies":[{"embeddable":true,"href":"https:\/\/blog.polityka.pl\/adamczewski\/wp-json\/wp\/v2\/comments?post=11089"}],"version-history":[{"count":0,"href":"https:\/\/blog.polityka.pl\/adamczewski\/wp-json\/wp\/v2\/posts\/11089\/revisions"}],"wp:attachment":[{"href":"https:\/\/blog.polityka.pl\/adamczewski\/wp-json\/wp\/v2\/media?parent=11089"}],"wp:term":[{"taxonomy":"category","embeddable":true,"href":"https:\/\/blog.polityka.pl\/adamczewski\/wp-json\/wp\/v2\/categories?post=11089"},{"taxonomy":"post_tag","embeddable":true,"href":"https:\/\/blog.polityka.pl\/adamczewski\/wp-json\/wp\/v2\/tags?post=11089"}],"curies":[{"name":"wp","href":"https:\/\/api.w.org\/{rel}","templated":true}]}}