
{"id":11091,"date":"2012-05-11T07:31:56","date_gmt":"2012-05-11T06:31:56","guid":{"rendered":"http:\/\/adamczewscy.pl\/?p=3513"},"modified":"2012-05-11T07:31:56","modified_gmt":"2012-05-11T06:31:56","slug":"duszone-sledzie","status":"publish","type":"post","link":"https:\/\/blog.polityka.pl\/adamczewski\/2012\/05\/11\/duszone-sledzie\/","title":{"rendered":"Duszone \u015bledzie"},"content":{"rendered":"<p><em>8 \u015bwie\u017cych \u015bledzi, 4 du\u017ce jab\u0142ka, 2 du\u017ce cebule, czubata \u0142y\u017cka mas\u0142a, \u0142y\u017cka posiekanego \u015bwie\u017cego tymianku<\/em><\/p>\n<p>1. \u015aledzie pokroi\u0107 na kawa\u0142ki, lekko osoli\u0107.<br \/>\n2. Cebul\u0119 i jab\u0142ka obra\u0107, pokroi\u0107 w cienkie plasterki.<br \/>\n3. \u017baroodporne naczynie posmarowa\u0107 mas\u0142em, u\u0142o\u017cy\u0107 kolejno: \u015bledzie, cebul\u0119 i jab\u0142ka, posypa\u0107 siekanym tymiankiem, pouk\u0142ada\u0107 kawa\u0142eczki pozosta\u0142ego mas\u0142a. Wla\u0107 ok. 1\/2 szklanki wody.<br \/>\n4. Dusi\u0107 na ma\u0142ym ogniu oko\u0142o 30 minut. <\/p>\n","protected":false},"excerpt":{"rendered":"<p>8 \u015bwie\u017cych \u015bledzi, 4 du\u017ce jab\u0142ka, 2 du\u017ce cebule, czubata \u0142y\u017cka mas\u0142a, \u0142y\u017cka posiekanego \u015bwie\u017cego tymianku 1. \u015aledzie pokroi\u0107 na kawa\u0142ki, lekko osoli\u0107. 2. Cebul\u0119 i jab\u0142ka obra\u0107, pokroi\u0107 w cienkie plasterki. 3. \u017baroodporne naczynie posmarowa\u0107 mas\u0142em, u\u0142o\u017cy\u0107 kolejno: \u015bledzie, cebul\u0119 i jab\u0142ka, posypa\u0107 siekanym tymiankiem, pouk\u0142ada\u0107 kawa\u0142eczki pozosta\u0142ego mas\u0142a. Wla\u0107 ok. 1\/2 szklanki wody. [&hellip;]<\/p>\n","protected":false},"author":2,"featured_media":0,"comment_status":"open","ping_status":"open","sticky":false,"template":"","format":"standard","meta":{"footnotes":""},"categories":[1],"tags":[],"_links":{"self":[{"href":"https:\/\/blog.polityka.pl\/adamczewski\/wp-json\/wp\/v2\/posts\/11091"}],"collection":[{"href":"https:\/\/blog.polityka.pl\/adamczewski\/wp-json\/wp\/v2\/posts"}],"about":[{"href":"https:\/\/blog.polityka.pl\/adamczewski\/wp-json\/wp\/v2\/types\/post"}],"author":[{"embeddable":true,"href":"https:\/\/blog.polityka.pl\/adamczewski\/wp-json\/wp\/v2\/users\/2"}],"replies":[{"embeddable":true,"href":"https:\/\/blog.polityka.pl\/adamczewski\/wp-json\/wp\/v2\/comments?post=11091"}],"version-history":[{"count":0,"href":"https:\/\/blog.polityka.pl\/adamczewski\/wp-json\/wp\/v2\/posts\/11091\/revisions"}],"wp:attachment":[{"href":"https:\/\/blog.polityka.pl\/adamczewski\/wp-json\/wp\/v2\/media?parent=11091"}],"wp:term":[{"taxonomy":"category","embeddable":true,"href":"https:\/\/blog.polityka.pl\/adamczewski\/wp-json\/wp\/v2\/categories?post=11091"},{"taxonomy":"post_tag","embeddable":true,"href":"https:\/\/blog.polityka.pl\/adamczewski\/wp-json\/wp\/v2\/tags?post=11091"}],"curies":[{"name":"wp","href":"https:\/\/api.w.org\/{rel}","templated":true}]}}