
{"id":11092,"date":"2012-05-11T07:32:43","date_gmt":"2012-05-11T06:32:43","guid":{"rendered":"http:\/\/adamczewscy.pl\/?p=3514"},"modified":"2012-05-11T07:32:43","modified_gmt":"2012-05-11T06:32:43","slug":"ziemniaczano-pieczarkowe-placuszki","status":"publish","type":"post","link":"https:\/\/blog.polityka.pl\/adamczewski\/2012\/05\/11\/ziemniaczano-pieczarkowe-placuszki\/","title":{"rendered":"Ziemniaczano- pieczarkowe placuszki"},"content":{"rendered":"<p><em>Ok. 1 kg ziemniak\u00f3w, 25 dag pieczarek, \u015brednia cebula, 3 \u0142y\u017cki m\u0105ki, jajko, s\u00f3l, pieprz, 1\/2 szklanki oleju do sma\u017cenia<\/em><\/p>\n<p>1. Ziemniaki obra\u0107, umy\u0107, cebul\u0119 obra\u0107, pieczarki umy\u0107 i pokroi\u0107 w kostk\u0119.<br \/>\n2. Ziemniaki i cebul\u0119 zetrze\u0107 na drobnej tarce, doda\u0107 pieczarki, jajko, m\u0105k\u0119 i wymiesza\u0107 mas\u0119, doprawi\u0107 sol\u0105 i pieprzem.<br \/>\n3. Rozgrzewa\u0107 po kilka \u0142y\u017cek oleju na patelni i sma\u017cy\u0107 owalne placuszki wielko\u015bci po\u0142owy d\u0142oni. <\/p>\n","protected":false},"excerpt":{"rendered":"<p>Ok. 1 kg ziemniak\u00f3w, 25 dag pieczarek, \u015brednia cebula, 3 \u0142y\u017cki m\u0105ki, jajko, s\u00f3l, pieprz, 1\/2 szklanki oleju do sma\u017cenia 1. Ziemniaki obra\u0107, umy\u0107, cebul\u0119 obra\u0107, pieczarki umy\u0107 i pokroi\u0107 w kostk\u0119. 2. Ziemniaki i cebul\u0119 zetrze\u0107 na drobnej tarce, doda\u0107 pieczarki, jajko, m\u0105k\u0119 i wymiesza\u0107 mas\u0119, doprawi\u0107 sol\u0105 i pieprzem. 3. Rozgrzewa\u0107 po kilka [&hellip;]<\/p>\n","protected":false},"author":2,"featured_media":0,"comment_status":"open","ping_status":"open","sticky":false,"template":"","format":"standard","meta":{"footnotes":""},"categories":[1],"tags":[],"_links":{"self":[{"href":"https:\/\/blog.polityka.pl\/adamczewski\/wp-json\/wp\/v2\/posts\/11092"}],"collection":[{"href":"https:\/\/blog.polityka.pl\/adamczewski\/wp-json\/wp\/v2\/posts"}],"about":[{"href":"https:\/\/blog.polityka.pl\/adamczewski\/wp-json\/wp\/v2\/types\/post"}],"author":[{"embeddable":true,"href":"https:\/\/blog.polityka.pl\/adamczewski\/wp-json\/wp\/v2\/users\/2"}],"replies":[{"embeddable":true,"href":"https:\/\/blog.polityka.pl\/adamczewski\/wp-json\/wp\/v2\/comments?post=11092"}],"version-history":[{"count":0,"href":"https:\/\/blog.polityka.pl\/adamczewski\/wp-json\/wp\/v2\/posts\/11092\/revisions"}],"wp:attachment":[{"href":"https:\/\/blog.polityka.pl\/adamczewski\/wp-json\/wp\/v2\/media?parent=11092"}],"wp:term":[{"taxonomy":"category","embeddable":true,"href":"https:\/\/blog.polityka.pl\/adamczewski\/wp-json\/wp\/v2\/categories?post=11092"},{"taxonomy":"post_tag","embeddable":true,"href":"https:\/\/blog.polityka.pl\/adamczewski\/wp-json\/wp\/v2\/tags?post=11092"}],"curies":[{"name":"wp","href":"https:\/\/api.w.org\/{rel}","templated":true}]}}