
{"id":11094,"date":"2012-05-11T07:36:21","date_gmt":"2012-05-11T06:36:21","guid":{"rendered":"http:\/\/adamczewscy.pl\/?p=3516"},"modified":"2012-05-11T07:36:21","modified_gmt":"2012-05-11T06:36:21","slug":"golonka-aromatyczna","status":"publish","type":"post","link":"https:\/\/blog.polityka.pl\/adamczewski\/2012\/05\/11\/golonka-aromatyczna\/","title":{"rendered":"Golonka aromatyczna"},"content":{"rendered":"<p><em>4  ma\u0142e, nadaj\u0105ce si\u0119 na ma\u0142\u0105 porcj\u0119 golonki, s\u00f3l, 5 \u0142y\u017cek oliwy lub oleju, kostka bulionu wo\u0142owego i kostka bulionu drobiowego 5 go\u017adzik\u00f3w, ? \u0142y\u017ceczki cynamonu, 5 ziaren pieprzu, szklanka s\u0142odowego ciemnego piwa, 2 \u0142y\u017cki francuskiej musztardy z ziarenkami<\/em><\/p>\n<p>1. Golonki starannie oczy\u015bci\u0107, umy\u0107, posoli\u0107 i zrumieni\u0107 mocno ze wszystkich stron na rozgrzanej oliwie.<br \/>\n2. Do garnka wla\u0107 3 szklanki wody, doda\u0107 kostki bulionowe, cynamon, go\u017adziki i pieprz. Doda\u0107 golonki i gotowa\u0107 do zupe\u0142nej mi\u0119kko\u015bci.<br \/>\n3. Kiedy golonki s\u0105 ju\u017c ugotowane doda\u0107 musztard\u0119 i wla\u0107 piwo. Gotowa\u0107 10 minut. <\/p>\n","protected":false},"excerpt":{"rendered":"<p>4 ma\u0142e, nadaj\u0105ce si\u0119 na ma\u0142\u0105 porcj\u0119 golonki, s\u00f3l, 5 \u0142y\u017cek oliwy lub oleju, kostka bulionu wo\u0142owego i kostka bulionu drobiowego 5 go\u017adzik\u00f3w, ? \u0142y\u017ceczki cynamonu, 5 ziaren pieprzu, szklanka s\u0142odowego ciemnego piwa, 2 \u0142y\u017cki francuskiej musztardy z ziarenkami 1. Golonki starannie oczy\u015bci\u0107, umy\u0107, posoli\u0107 i zrumieni\u0107 mocno ze wszystkich stron na rozgrzanej oliwie. 2. [&hellip;]<\/p>\n","protected":false},"author":2,"featured_media":0,"comment_status":"open","ping_status":"open","sticky":false,"template":"","format":"standard","meta":{"footnotes":""},"categories":[1],"tags":[],"_links":{"self":[{"href":"https:\/\/blog.polityka.pl\/adamczewski\/wp-json\/wp\/v2\/posts\/11094"}],"collection":[{"href":"https:\/\/blog.polityka.pl\/adamczewski\/wp-json\/wp\/v2\/posts"}],"about":[{"href":"https:\/\/blog.polityka.pl\/adamczewski\/wp-json\/wp\/v2\/types\/post"}],"author":[{"embeddable":true,"href":"https:\/\/blog.polityka.pl\/adamczewski\/wp-json\/wp\/v2\/users\/2"}],"replies":[{"embeddable":true,"href":"https:\/\/blog.polityka.pl\/adamczewski\/wp-json\/wp\/v2\/comments?post=11094"}],"version-history":[{"count":0,"href":"https:\/\/blog.polityka.pl\/adamczewski\/wp-json\/wp\/v2\/posts\/11094\/revisions"}],"wp:attachment":[{"href":"https:\/\/blog.polityka.pl\/adamczewski\/wp-json\/wp\/v2\/media?parent=11094"}],"wp:term":[{"taxonomy":"category","embeddable":true,"href":"https:\/\/blog.polityka.pl\/adamczewski\/wp-json\/wp\/v2\/categories?post=11094"},{"taxonomy":"post_tag","embeddable":true,"href":"https:\/\/blog.polityka.pl\/adamczewski\/wp-json\/wp\/v2\/tags?post=11094"}],"curies":[{"name":"wp","href":"https:\/\/api.w.org\/{rel}","templated":true}]}}