
{"id":11095,"date":"2012-05-18T10:45:52","date_gmt":"2012-05-18T09:45:52","guid":{"rendered":"http:\/\/adamczewscy.pl\/?p=3519"},"modified":"2012-05-18T10:45:52","modified_gmt":"2012-05-18T09:45:52","slug":"zupa-z-porow-po-francusku","status":"publish","type":"post","link":"https:\/\/blog.polityka.pl\/adamczewski\/2012\/05\/18\/zupa-z-porow-po-francusku\/","title":{"rendered":"Zupa z por\u00f3w po francusku"},"content":{"rendered":"<p><em>2 du\u017ce pory, kopiasta \u0142y\u017cka mas\u0142a,5 szklanek bulionu drobiowego z kostki,4 ziemniaki,4 par\u00f3wki, \u0142y\u017cka oliwy z oliwek, ? szklanki \u015bmietany 12-proc. , \u0142y\u017ceczka m\u0105ki, s\u00f3l, pieprz, ew. do smaku przyprawa maggi, po \u0142y\u017cce siekanej zielonej pietruszki, bazylii, koperku i szczypiorku<\/em><\/p>\n<p>1. Pory oczy\u015bci\u0107 usuwaj\u0105c uszkodzone li\u015bcie, pokroi\u0107 w kr\u0105\u017cki i poddusi\u0107 na ma\u015ble, wla\u0107 gor\u0105cy bulion, doda\u0107 obrane i pokrojone w kostk\u0119 ziemniaki. Gotowa\u0107 , a\u017c ziemniaki b\u0119d\u0105 prawie mi\u0119kkie.<br \/>\n2. Par\u00f3wki po zdj\u0119ciu os\u0142onek pokroi\u0107 w kr\u0105\u017cki, podsma\u017cy\u0107 na oliwie i doda\u0107 do gotuj\u0105cej si\u0119  zupy.<br \/>\n3. Kiedy  ziemniaki s\u0105 ju\u017c mi\u0119kkie doda\u0107  wymieszan\u0105 z m\u0105k\u0105 \u015bmietan\u0119, zagotowa\u0107 doprawiaj\u0105c przypraw\u0105 maggi, sol\u0105, pieprzem.<br \/>\nPodawa\u0107 zup\u0119 posypan\u0105 mieszank\u0105 zielenin.<\/p>\n","protected":false},"excerpt":{"rendered":"<p>2 du\u017ce pory, kopiasta \u0142y\u017cka mas\u0142a,5 szklanek bulionu drobiowego z kostki,4 ziemniaki,4 par\u00f3wki, \u0142y\u017cka oliwy z oliwek, ? szklanki \u015bmietany 12-proc. , \u0142y\u017ceczka m\u0105ki, s\u00f3l, pieprz, ew. do smaku przyprawa maggi, po \u0142y\u017cce siekanej zielonej pietruszki, bazylii, koperku i szczypiorku 1. Pory oczy\u015bci\u0107 usuwaj\u0105c uszkodzone li\u015bcie, pokroi\u0107 w kr\u0105\u017cki i poddusi\u0107 na ma\u015ble, wla\u0107 gor\u0105cy [&hellip;]<\/p>\n","protected":false},"author":2,"featured_media":0,"comment_status":"open","ping_status":"open","sticky":false,"template":"","format":"standard","meta":{"footnotes":""},"categories":[1],"tags":[],"_links":{"self":[{"href":"https:\/\/blog.polityka.pl\/adamczewski\/wp-json\/wp\/v2\/posts\/11095"}],"collection":[{"href":"https:\/\/blog.polityka.pl\/adamczewski\/wp-json\/wp\/v2\/posts"}],"about":[{"href":"https:\/\/blog.polityka.pl\/adamczewski\/wp-json\/wp\/v2\/types\/post"}],"author":[{"embeddable":true,"href":"https:\/\/blog.polityka.pl\/adamczewski\/wp-json\/wp\/v2\/users\/2"}],"replies":[{"embeddable":true,"href":"https:\/\/blog.polityka.pl\/adamczewski\/wp-json\/wp\/v2\/comments?post=11095"}],"version-history":[{"count":0,"href":"https:\/\/blog.polityka.pl\/adamczewski\/wp-json\/wp\/v2\/posts\/11095\/revisions"}],"wp:attachment":[{"href":"https:\/\/blog.polityka.pl\/adamczewski\/wp-json\/wp\/v2\/media?parent=11095"}],"wp:term":[{"taxonomy":"category","embeddable":true,"href":"https:\/\/blog.polityka.pl\/adamczewski\/wp-json\/wp\/v2\/categories?post=11095"},{"taxonomy":"post_tag","embeddable":true,"href":"https:\/\/blog.polityka.pl\/adamczewski\/wp-json\/wp\/v2\/tags?post=11095"}],"curies":[{"name":"wp","href":"https:\/\/api.w.org\/{rel}","templated":true}]}}