
{"id":11096,"date":"2012-05-18T10:46:39","date_gmt":"2012-05-18T09:46:39","guid":{"rendered":"http:\/\/adamczewscy.pl\/?p=3520"},"modified":"2012-05-18T10:46:39","modified_gmt":"2012-05-18T09:46:39","slug":"ziemniaczana-zupa-wiosenna","status":"publish","type":"post","link":"https:\/\/blog.polityka.pl\/adamczewski\/2012\/05\/18\/ziemniaczana-zupa-wiosenna\/","title":{"rendered":"Ziemniaczana zupa wiosenna"},"content":{"rendered":"<p><em>4 du\u017ce ziemniaki,4 szklanki bulionu drobiowego z kostki,2 p\u0119czki rzodkiewek,\u0142y\u017cka mas\u0142a,1\/2 szklanki \u015bmietany 18-proc.,s\u00f3l,pieprz\u0142y\u017cka siekanego koperku i spora szczypta kie\u0142k\u00f3w rzodkiewki lub lucerny<\/em><\/p>\n<p>1. Ziemniaki obra\u0107, pokroi\u0107 w kostk\u0119 i wrzuci\u0107 do  gor\u0105cego bulionu, zagotowa\u0107.<br \/>\n2. Rzodkiewki umy\u0107, odci\u0105\u0107 cienkie korzonki, wraz z mniejszymi listkami pokroi\u0107  drobno.<br \/>\n3. Na rozgrzanym ma\u015ble poddusi\u0107 przygotowane rzodkiewki i doda\u0107 do zagotowanego bulionu z ziemniakami. Gotowa\u0107 ,a\u017c ziemniaki b\u0119d\u0105 mi\u0119kkie.<br \/>\n4. Do kubka ze \u015bmietan\u0105 wla\u0107 3-4 \u0142y\u017cki gor\u0105cej zupy, wymiesza\u0107 i wla\u0107 do garnka, doprawi\u0107 zup\u0119 sol\u0105 i pieprzem.<br \/>\nPodawa\u0107 zup\u0119 posypan\u0105 kie\u0142kami i siekanym koperkiem.<\/p>\n","protected":false},"excerpt":{"rendered":"<p>4 du\u017ce ziemniaki,4 szklanki bulionu drobiowego z kostki,2 p\u0119czki rzodkiewek,\u0142y\u017cka mas\u0142a,1\/2 szklanki \u015bmietany 18-proc.,s\u00f3l,pieprz\u0142y\u017cka siekanego koperku i spora szczypta kie\u0142k\u00f3w rzodkiewki lub lucerny 1. Ziemniaki obra\u0107, pokroi\u0107 w kostk\u0119 i wrzuci\u0107 do gor\u0105cego bulionu, zagotowa\u0107. 2. Rzodkiewki umy\u0107, odci\u0105\u0107 cienkie korzonki, wraz z mniejszymi listkami pokroi\u0107 drobno. 3. Na rozgrzanym ma\u015ble poddusi\u0107 przygotowane rzodkiewki i [&hellip;]<\/p>\n","protected":false},"author":2,"featured_media":0,"comment_status":"open","ping_status":"open","sticky":false,"template":"","format":"standard","meta":{"footnotes":""},"categories":[1],"tags":[],"_links":{"self":[{"href":"https:\/\/blog.polityka.pl\/adamczewski\/wp-json\/wp\/v2\/posts\/11096"}],"collection":[{"href":"https:\/\/blog.polityka.pl\/adamczewski\/wp-json\/wp\/v2\/posts"}],"about":[{"href":"https:\/\/blog.polityka.pl\/adamczewski\/wp-json\/wp\/v2\/types\/post"}],"author":[{"embeddable":true,"href":"https:\/\/blog.polityka.pl\/adamczewski\/wp-json\/wp\/v2\/users\/2"}],"replies":[{"embeddable":true,"href":"https:\/\/blog.polityka.pl\/adamczewski\/wp-json\/wp\/v2\/comments?post=11096"}],"version-history":[{"count":0,"href":"https:\/\/blog.polityka.pl\/adamczewski\/wp-json\/wp\/v2\/posts\/11096\/revisions"}],"wp:attachment":[{"href":"https:\/\/blog.polityka.pl\/adamczewski\/wp-json\/wp\/v2\/media?parent=11096"}],"wp:term":[{"taxonomy":"category","embeddable":true,"href":"https:\/\/blog.polityka.pl\/adamczewski\/wp-json\/wp\/v2\/categories?post=11096"},{"taxonomy":"post_tag","embeddable":true,"href":"https:\/\/blog.polityka.pl\/adamczewski\/wp-json\/wp\/v2\/tags?post=11096"}],"curies":[{"name":"wp","href":"https:\/\/api.w.org\/{rel}","templated":true}]}}