
{"id":11097,"date":"2012-05-18T10:47:18","date_gmt":"2012-05-18T09:47:18","guid":{"rendered":"http:\/\/adamczewscy.pl\/?p=3521"},"modified":"2012-05-18T10:47:18","modified_gmt":"2012-05-18T09:47:18","slug":"gulasz-z-kasza-i-warzywami","status":"publish","type":"post","link":"https:\/\/blog.polityka.pl\/adamczewski\/2012\/05\/18\/gulasz-z-kasza-i-warzywami\/","title":{"rendered":"Gulasz z kasz\u0105 i warzywami"},"content":{"rendered":"<p><em>70 dag wo\u0142owiny bez ko\u015bci,2 cebule,2 marchwie,4 szklanki bulionu wo\u0142owego z kostki,3 \u0142y\u017cki oliwy lub oleju,25 dag pieczarek, \u015bredni seler,2 woreczki do gotowania kaszy  j\u0119czmiennej per\u0142owej, s\u00f3l, pieprz<\/em><\/p>\n<p>1. Mi\u0119so umy\u0107, osuszy\u0107, pokroi\u0107 na niewielkie kawa\u0142ki, cebul\u0119 posieka\u0107, marchew obra\u0107, pokroi\u0107 na plasterki.<br \/>\n2. W g\u0142\u0119bokiej patelni lub garnku rozgrza\u0107 olej lub oliw\u0119, doda\u0107 mi\u0119so i podsma\u017cy\u0107 ze wszystkich stron, doda\u0107 posiekan\u0105 cebul\u0119 i pokrojon\u0105 marchew, podsma\u017ca\u0107 jeszcze chwil\u0119.<br \/>\n3. Do mi\u0119sa z warzywami doda\u0107 bulion i dusi\u0107 pod przykryciem na ma\u0142ym ogniu.<br \/>\n4. Kasz\u0119 ugotowa\u0107 wed\u0142ug przepisu na opakowaniu. Seler pokroi\u0107 w kostk\u0119 tak\u0105, jak na jarzynow\u0105 sa\u0142atk\u0119. Pieczarki pokroi\u0107 na \u0107wiartki.<br \/>\n5. Kiedy mi\u0119so jest mi\u0119kkie doda\u0107 kasz\u0119, pieczarki i seler, wymiesza\u0107, doprawi\u0107 do smaku sol\u0105 i pieprzem i gotowa\u0107 jeszcze wszystko razem oko\u0142o 10 minut.<\/p>\n","protected":false},"excerpt":{"rendered":"<p>70 dag wo\u0142owiny bez ko\u015bci,2 cebule,2 marchwie,4 szklanki bulionu wo\u0142owego z kostki,3 \u0142y\u017cki oliwy lub oleju,25 dag pieczarek, \u015bredni seler,2 woreczki do gotowania kaszy j\u0119czmiennej per\u0142owej, s\u00f3l, pieprz 1. Mi\u0119so umy\u0107, osuszy\u0107, pokroi\u0107 na niewielkie kawa\u0142ki, cebul\u0119 posieka\u0107, marchew obra\u0107, pokroi\u0107 na plasterki. 2. W g\u0142\u0119bokiej patelni lub garnku rozgrza\u0107 olej lub oliw\u0119, doda\u0107 mi\u0119so [&hellip;]<\/p>\n","protected":false},"author":2,"featured_media":0,"comment_status":"open","ping_status":"open","sticky":false,"template":"","format":"standard","meta":{"footnotes":""},"categories":[1],"tags":[],"_links":{"self":[{"href":"https:\/\/blog.polityka.pl\/adamczewski\/wp-json\/wp\/v2\/posts\/11097"}],"collection":[{"href":"https:\/\/blog.polityka.pl\/adamczewski\/wp-json\/wp\/v2\/posts"}],"about":[{"href":"https:\/\/blog.polityka.pl\/adamczewski\/wp-json\/wp\/v2\/types\/post"}],"author":[{"embeddable":true,"href":"https:\/\/blog.polityka.pl\/adamczewski\/wp-json\/wp\/v2\/users\/2"}],"replies":[{"embeddable":true,"href":"https:\/\/blog.polityka.pl\/adamczewski\/wp-json\/wp\/v2\/comments?post=11097"}],"version-history":[{"count":0,"href":"https:\/\/blog.polityka.pl\/adamczewski\/wp-json\/wp\/v2\/posts\/11097\/revisions"}],"wp:attachment":[{"href":"https:\/\/blog.polityka.pl\/adamczewski\/wp-json\/wp\/v2\/media?parent=11097"}],"wp:term":[{"taxonomy":"category","embeddable":true,"href":"https:\/\/blog.polityka.pl\/adamczewski\/wp-json\/wp\/v2\/categories?post=11097"},{"taxonomy":"post_tag","embeddable":true,"href":"https:\/\/blog.polityka.pl\/adamczewski\/wp-json\/wp\/v2\/tags?post=11097"}],"curies":[{"name":"wp","href":"https:\/\/api.w.org\/{rel}","templated":true}]}}