
{"id":11098,"date":"2012-05-18T10:48:10","date_gmt":"2012-05-18T09:48:10","guid":{"rendered":"http:\/\/adamczewscy.pl\/?p=3522"},"modified":"2012-05-18T10:48:10","modified_gmt":"2012-05-18T09:48:10","slug":"losos-w-sosie-koperkowym","status":"publish","type":"post","link":"https:\/\/blog.polityka.pl\/adamczewski\/2012\/05\/18\/losos-w-sosie-koperkowym\/","title":{"rendered":"\u0141oso\u015b w sosie koperkowym"},"content":{"rendered":"<p><em>4 porcje filetu z \u0142ososia, pojemniczek jogurtu naturalnego, 2 z\u0105bki czosnku, 4 \u0142y\u017cki posiekanego koperku, cytryna, s\u00f3l<\/em><\/p>\n<p>1. \u0141ososia umy\u0107, lekko osuszy\u0107 kuchenn\u0105 papierow\u0105 \u015bciereczk\u0105 ,ka\u017cd\u0105 porcj\u0119 posoli\u0107, skropi\u0107 sokiem cytrynowym i odrobin\u0105 koperku.<br \/>\n2. Porcje  ryby u\u0142o\u017cy\u0107 na osobnych kawa\u0142kach folii aluminiowej, dobrze zawin\u0105\u0107 .<br \/>\n3. W piekarniku nagrzanym do temperatury 180 st. C piec  ryb\u0119  oko\u0142o 15 minut.<br \/>\n4. Czosnek posieka\u0107 jak najdrobniej, wymiesza\u0107 z pozosta\u0142ym posiekanym koperkiem, lekko posoli\u0107. Sosem pola\u0107 porcje upieczonej ryby.<\/p>\n","protected":false},"excerpt":{"rendered":"<p>4 porcje filetu z \u0142ososia, pojemniczek jogurtu naturalnego, 2 z\u0105bki czosnku, 4 \u0142y\u017cki posiekanego koperku, cytryna, s\u00f3l 1. \u0141ososia umy\u0107, lekko osuszy\u0107 kuchenn\u0105 papierow\u0105 \u015bciereczk\u0105 ,ka\u017cd\u0105 porcj\u0119 posoli\u0107, skropi\u0107 sokiem cytrynowym i odrobin\u0105 koperku. 2. Porcje ryby u\u0142o\u017cy\u0107 na osobnych kawa\u0142kach folii aluminiowej, dobrze zawin\u0105\u0107 . 3. W piekarniku nagrzanym do temperatury 180 st. C [&hellip;]<\/p>\n","protected":false},"author":2,"featured_media":0,"comment_status":"open","ping_status":"open","sticky":false,"template":"","format":"standard","meta":{"footnotes":""},"categories":[1],"tags":[],"_links":{"self":[{"href":"https:\/\/blog.polityka.pl\/adamczewski\/wp-json\/wp\/v2\/posts\/11098"}],"collection":[{"href":"https:\/\/blog.polityka.pl\/adamczewski\/wp-json\/wp\/v2\/posts"}],"about":[{"href":"https:\/\/blog.polityka.pl\/adamczewski\/wp-json\/wp\/v2\/types\/post"}],"author":[{"embeddable":true,"href":"https:\/\/blog.polityka.pl\/adamczewski\/wp-json\/wp\/v2\/users\/2"}],"replies":[{"embeddable":true,"href":"https:\/\/blog.polityka.pl\/adamczewski\/wp-json\/wp\/v2\/comments?post=11098"}],"version-history":[{"count":0,"href":"https:\/\/blog.polityka.pl\/adamczewski\/wp-json\/wp\/v2\/posts\/11098\/revisions"}],"wp:attachment":[{"href":"https:\/\/blog.polityka.pl\/adamczewski\/wp-json\/wp\/v2\/media?parent=11098"}],"wp:term":[{"taxonomy":"category","embeddable":true,"href":"https:\/\/blog.polityka.pl\/adamczewski\/wp-json\/wp\/v2\/categories?post=11098"},{"taxonomy":"post_tag","embeddable":true,"href":"https:\/\/blog.polityka.pl\/adamczewski\/wp-json\/wp\/v2\/tags?post=11098"}],"curies":[{"name":"wp","href":"https:\/\/api.w.org\/{rel}","templated":true}]}}