
{"id":11099,"date":"2012-05-18T10:49:08","date_gmt":"2012-05-18T09:49:08","guid":{"rendered":"http:\/\/adamczewscy.pl\/?p=3523"},"modified":"2012-05-18T10:49:08","modified_gmt":"2012-05-18T09:49:08","slug":"migdalowiec","status":"publish","type":"post","link":"https:\/\/blog.polityka.pl\/adamczewski\/2012\/05\/18\/migdalowiec\/","title":{"rendered":"Migda\u0142owiec"},"content":{"rendered":"<p><em>30 dag mielonych migda\u0142\u00f3w (mo\u017cna kupi\u0107 gotowe lub zemle\u0107 w specjalnym m\u0142ynku do migda\u0142\u00f3w), 1 i 1\/3 szklanki m\u0105ki, 10 dag mas\u0142a, 1 i ? szklanki cukru, 2 \u0142y\u017ceczki proszku do pieczenia, 3 jajka<br \/>\nDo posypania ciasta: 2 \u0142y\u017cki cukru pudru<br \/>\nDo wysmarowania formy:  \u0142y\u017cka mas\u0142a, do jej wysypania: \u0142y\u017cka tartej bu\u0142ki<\/em><\/p>\n<p>1. Wymiesza\u0107 m\u0105k\u0119 z proszkiem do pieczenia i przesia\u0107, doda\u0107 mielone migda\u0142y i wymiesza\u0107 razem.<br \/>\n2. Jajka uciera\u0107 z cukrem stopniowo wlewaj\u0105c roztopione i lekko ostudzone mas\u0142o.<br \/>\n3. Do utartej masy doda\u0107 m\u0105k\u0119 z proszkiem i migda\u0142ami. Starannie wymiesza\u0107.<br \/>\n4. Wyla\u0107 ciasto do posmarowanej mas\u0142em i wysypanej tart\u0105 bu\u0142k\u0105 tortownicy.<br \/>\n5. W piekarniku nagrzanym do 180 st. C piec oko\u0142o 30 minut.<br \/>\n6. Lekko ostudzone ciasto posypa\u0107 przez sitko r\u00f3wn\u0105 warstw\u0105 cukru pudru.<\/p>\n","protected":false},"excerpt":{"rendered":"<p>30 dag mielonych migda\u0142\u00f3w (mo\u017cna kupi\u0107 gotowe lub zemle\u0107 w specjalnym m\u0142ynku do migda\u0142\u00f3w), 1 i 1\/3 szklanki m\u0105ki, 10 dag mas\u0142a, 1 i ? szklanki cukru, 2 \u0142y\u017ceczki proszku do pieczenia, 3 jajka Do posypania ciasta: 2 \u0142y\u017cki cukru pudru Do wysmarowania formy: \u0142y\u017cka mas\u0142a, do jej wysypania: \u0142y\u017cka tartej bu\u0142ki 1. Wymiesza\u0107 m\u0105k\u0119 [&hellip;]<\/p>\n","protected":false},"author":2,"featured_media":0,"comment_status":"open","ping_status":"open","sticky":false,"template":"","format":"standard","meta":{"footnotes":""},"categories":[1],"tags":[],"_links":{"self":[{"href":"https:\/\/blog.polityka.pl\/adamczewski\/wp-json\/wp\/v2\/posts\/11099"}],"collection":[{"href":"https:\/\/blog.polityka.pl\/adamczewski\/wp-json\/wp\/v2\/posts"}],"about":[{"href":"https:\/\/blog.polityka.pl\/adamczewski\/wp-json\/wp\/v2\/types\/post"}],"author":[{"embeddable":true,"href":"https:\/\/blog.polityka.pl\/adamczewski\/wp-json\/wp\/v2\/users\/2"}],"replies":[{"embeddable":true,"href":"https:\/\/blog.polityka.pl\/adamczewski\/wp-json\/wp\/v2\/comments?post=11099"}],"version-history":[{"count":0,"href":"https:\/\/blog.polityka.pl\/adamczewski\/wp-json\/wp\/v2\/posts\/11099\/revisions"}],"wp:attachment":[{"href":"https:\/\/blog.polityka.pl\/adamczewski\/wp-json\/wp\/v2\/media?parent=11099"}],"wp:term":[{"taxonomy":"category","embeddable":true,"href":"https:\/\/blog.polityka.pl\/adamczewski\/wp-json\/wp\/v2\/categories?post=11099"},{"taxonomy":"post_tag","embeddable":true,"href":"https:\/\/blog.polityka.pl\/adamczewski\/wp-json\/wp\/v2\/tags?post=11099"}],"curies":[{"name":"wp","href":"https:\/\/api.w.org\/{rel}","templated":true}]}}