
{"id":111,"date":"2006-12-27T10:00:10","date_gmt":"2006-12-27T09:00:10","guid":{"rendered":"http:\/\/adamczewski.blog.polityka.pl\/?p=111"},"modified":"2006-12-27T11:13:17","modified_gmt":"2006-12-27T10:13:17","slug":"zgadnij-co-gotujemy-20","status":"publish","type":"post","link":"https:\/\/blog.polityka.pl\/adamczewski\/2006\/12\/27\/zgadnij-co-gotujemy-20\/","title":{"rendered":"Zgadnij co gotujemy (20)"},"content":{"rendered":"<p>To ostatni w starym roku quiz. Za par\u0119 dni Sylwester i Nowy Rok. A Nowy Rok rozpoczyna si\u0119 karnawa\u0142em. Tego te\u017c tematu b\u0119d\u0105 dotyczy\u0107 dzisiejsze pytania. Nagrod\u0105 za\u015b jest &#8222;Kuchnia dla singli&#8221; pi\u00f3ra Barbary Adamczewskiej, ksi\u0105\u017cka wydana przez Nowy \u015awiat. Single bowiem te\u017c lubi\u0105 si\u0119 bawi\u0107, a w ksi\u0105\u017cce znajd\u0105 porady jak przyj\u0105\u0107 go\u015bci (w karnawale tak\u017ce) prowadz\u0105c jednoosobowe gospodarstwo. Oto pytania:<\/p>\n<p>1) Co to takiego &#8211; babski comber ?<br \/>\n2) Zamkni\u0119cie karnawa\u0142u to ?<br \/>\n3) Jak brzmi polska nazwa karnawa\u0142u?<\/p>\n<p>Odpowiedzi nale\u017cy nadsy\u0142a\u0107 na adres: <a href=\"mailto:internet@polityka.com.pl\">internet@polityka.com.pl<\/a>\u00a0<\/p>\n<p>Pierwsza prawid\u0142owa odpowied\u017a na wszystkie trzy pytania b\u0119dzie nagrodzona ksi\u0105\u017ck\u0105 z autografem i dedykacj\u0105. Czekam wi\u0119c i szykuj\u0119 kolacj\u0119 sylwestrow\u0105.<\/p>\n","protected":false},"excerpt":{"rendered":"<p>To ostatni w starym roku quiz. Za par\u0119 dni Sylwester i Nowy Rok. A Nowy Rok rozpoczyna si\u0119 karnawa\u0142em. Tego te\u017c tematu b\u0119d\u0105 dotyczy\u0107 dzisiejsze pytania. Nagrod\u0105 za\u015b jest &#8222;Kuchnia dla singli&#8221; pi\u00f3ra Barbary Adamczewskiej, ksi\u0105\u017cka wydana przez Nowy \u015awiat. Single bowiem te\u017c lubi\u0105 si\u0119 bawi\u0107, a w ksi\u0105\u017cce znajd\u0105 porady jak przyj\u0105\u0107 go\u015bci (w [&hellip;]<\/p>\n","protected":false},"author":2,"featured_media":0,"comment_status":"open","ping_status":"open","sticky":false,"template":"","format":"standard","meta":{"footnotes":""},"categories":[1],"tags":[],"_links":{"self":[{"href":"https:\/\/blog.polityka.pl\/adamczewski\/wp-json\/wp\/v2\/posts\/111"}],"collection":[{"href":"https:\/\/blog.polityka.pl\/adamczewski\/wp-json\/wp\/v2\/posts"}],"about":[{"href":"https:\/\/blog.polityka.pl\/adamczewski\/wp-json\/wp\/v2\/types\/post"}],"author":[{"embeddable":true,"href":"https:\/\/blog.polityka.pl\/adamczewski\/wp-json\/wp\/v2\/users\/2"}],"replies":[{"embeddable":true,"href":"https:\/\/blog.polityka.pl\/adamczewski\/wp-json\/wp\/v2\/comments?post=111"}],"version-history":[{"count":0,"href":"https:\/\/blog.polityka.pl\/adamczewski\/wp-json\/wp\/v2\/posts\/111\/revisions"}],"wp:attachment":[{"href":"https:\/\/blog.polityka.pl\/adamczewski\/wp-json\/wp\/v2\/media?parent=111"}],"wp:term":[{"taxonomy":"category","embeddable":true,"href":"https:\/\/blog.polityka.pl\/adamczewski\/wp-json\/wp\/v2\/categories?post=111"},{"taxonomy":"post_tag","embeddable":true,"href":"https:\/\/blog.polityka.pl\/adamczewski\/wp-json\/wp\/v2\/tags?post=111"}],"curies":[{"name":"wp","href":"https:\/\/api.w.org\/{rel}","templated":true}]}}