
{"id":11100,"date":"2012-05-25T06:16:26","date_gmt":"2012-05-25T05:16:26","guid":{"rendered":"http:\/\/adamczewscy.pl\/?p=3524"},"modified":"2012-05-25T06:16:26","modified_gmt":"2012-05-25T05:16:26","slug":"zapiekanka-z-parowkami","status":"publish","type":"post","link":"https:\/\/blog.polityka.pl\/adamczewski\/2012\/05\/25\/zapiekanka-z-parowkami\/","title":{"rendered":"Zapiekanka z par\u00f3wkami"},"content":{"rendered":"<p><em>40 dag pieczarek, 2 torebki do gotowania ry\u017cu, szklanka startego sera \u017c\u00f3\u0142tego, 6 par\u00f3wek, opakowanie mro\u017conej zupy warzywnej, cebula, 2 \u0142y\u017cki koncentratu pomidorowego lub keczupu, 2 \u0142y\u017cki oleju, s\u00f3l, pieprz<br \/>\n<\/em><br \/>\n1. Ry\u017c ugotowa\u0107 i odcedzi\u0107. Cebul\u0119 posieka\u0107, par\u00f3wki obrane z os\u0142onek pokroi\u0107 na centymetrowe kawa\u0142ki, pieczarki umy\u0107 i pokroi\u0107 w plasterki.<br \/>\n2. Na patelni rozgrza\u0107 podsma\u017cy\u0107 cebul\u0119, nast\u0119pnie doda\u0107 par\u00f3wki, pieczarki i na koniec, po chili mro\u017cone warzywa. Dusi\u0107, a\u017c warzywa stan\u0105 si\u0119 mi\u0119kkie.<br \/>\n3. Wymiesza\u0107 ry\u017c z podsma\u017conymi warzywami, doprawi\u0107 koncentratem lub keczupem, sol\u0105 i pieprzem.<br \/>\n4. Umie\u015bci\u0107 potraw\u0119 w naczyniu do zapiekania, posypa\u0107 obficie startym serem i zapieka\u0107 w temperaturze 180 st.  C oko\u0142o 20 minut. <\/p>\n","protected":false},"excerpt":{"rendered":"<p>40 dag pieczarek, 2 torebki do gotowania ry\u017cu, szklanka startego sera \u017c\u00f3\u0142tego, 6 par\u00f3wek, opakowanie mro\u017conej zupy warzywnej, cebula, 2 \u0142y\u017cki koncentratu pomidorowego lub keczupu, 2 \u0142y\u017cki oleju, s\u00f3l, pieprz 1. Ry\u017c ugotowa\u0107 i odcedzi\u0107. Cebul\u0119 posieka\u0107, par\u00f3wki obrane z os\u0142onek pokroi\u0107 na centymetrowe kawa\u0142ki, pieczarki umy\u0107 i pokroi\u0107 w plasterki. 2. Na patelni rozgrza\u0107 [&hellip;]<\/p>\n","protected":false},"author":2,"featured_media":0,"comment_status":"open","ping_status":"open","sticky":false,"template":"","format":"standard","meta":{"footnotes":""},"categories":[1],"tags":[],"_links":{"self":[{"href":"https:\/\/blog.polityka.pl\/adamczewski\/wp-json\/wp\/v2\/posts\/11100"}],"collection":[{"href":"https:\/\/blog.polityka.pl\/adamczewski\/wp-json\/wp\/v2\/posts"}],"about":[{"href":"https:\/\/blog.polityka.pl\/adamczewski\/wp-json\/wp\/v2\/types\/post"}],"author":[{"embeddable":true,"href":"https:\/\/blog.polityka.pl\/adamczewski\/wp-json\/wp\/v2\/users\/2"}],"replies":[{"embeddable":true,"href":"https:\/\/blog.polityka.pl\/adamczewski\/wp-json\/wp\/v2\/comments?post=11100"}],"version-history":[{"count":0,"href":"https:\/\/blog.polityka.pl\/adamczewski\/wp-json\/wp\/v2\/posts\/11100\/revisions"}],"wp:attachment":[{"href":"https:\/\/blog.polityka.pl\/adamczewski\/wp-json\/wp\/v2\/media?parent=11100"}],"wp:term":[{"taxonomy":"category","embeddable":true,"href":"https:\/\/blog.polityka.pl\/adamczewski\/wp-json\/wp\/v2\/categories?post=11100"},{"taxonomy":"post_tag","embeddable":true,"href":"https:\/\/blog.polityka.pl\/adamczewski\/wp-json\/wp\/v2\/tags?post=11100"}],"curies":[{"name":"wp","href":"https:\/\/api.w.org\/{rel}","templated":true}]}}