
{"id":11101,"date":"2012-05-25T06:19:29","date_gmt":"2012-05-25T05:19:29","guid":{"rendered":"http:\/\/adamczewscy.pl\/?p=3525"},"modified":"2012-05-25T06:19:29","modified_gmt":"2012-05-25T05:19:29","slug":"schab-we-francuskim-ciescie","status":"publish","type":"post","link":"https:\/\/blog.polityka.pl\/adamczewski\/2012\/05\/25\/schab-we-francuskim-ciescie\/","title":{"rendered":"Schab we francuskim cie\u015bcie"},"content":{"rendered":"<p><em>1, 2-1, 5 kg w\u0105skiego schabu \u015brodkowego, 2 szklanki czerwonego, najlepiej p\u00f3\u0142wytrawnego, wina, li\u015b\u0107 laurowy, cebula, 5 ziaren ziela angielskiego i 5 ziaren pieprzu, 2 \u0142y\u017cki mas\u0142a, opakowanie gotowego ciasta francuskiego, jajko, s\u00f3l, pieprz, jajko<br \/>\n<\/em><br \/>\n1. W przeddzie\u0144 zagotowa\u0107 na marynat\u0119 wino z li\u015bciem laurowym, pokrojon\u0105 w plasterki cebul\u0105, sol\u0105 i pieprzem. Schab op\u0142uka\u0107, wytrze\u0107 kuchennym papierowym r\u0119cznikiem i zala\u0107 ostudzon\u0105 marynat\u0105. Odstawi\u0107 na dob\u0119 w ch\u0142odnym miejscu.<br \/>\n2. Wyj\u0119ty z marynaty schab lekko osuszy\u0107, obsma\u017cy\u0107 na rozgrzanym ma\u015ble po czym piec oko\u0142o 45 minut w piekarniku nagrzanym do temperatury 20 st. C. Ostudzi\u0107.<br \/>\n3. Ciasto &#8211; o ile by\u0142o zamro\u017cone &#8211; rozmrozi\u0107. \u015awie\u017ce wystarczy rozwin\u0105\u0107, posmarowa\u0107 bia\u0142kiem, u\u0142o\u017cy\u0107 podpieczony schab i zawin\u0105\u0107 go w ciasto. Wierzch posmarowa\u0107 \u017c\u00f3\u0142tkiem.<br \/>\n4. W piekarniku nagrzanym do 210 st. C piec oko\u0142o 30 minut. <\/p>\n","protected":false},"excerpt":{"rendered":"<p>1, 2-1, 5 kg w\u0105skiego schabu \u015brodkowego, 2 szklanki czerwonego, najlepiej p\u00f3\u0142wytrawnego, wina, li\u015b\u0107 laurowy, cebula, 5 ziaren ziela angielskiego i 5 ziaren pieprzu, 2 \u0142y\u017cki mas\u0142a, opakowanie gotowego ciasta francuskiego, jajko, s\u00f3l, pieprz, jajko 1. W przeddzie\u0144 zagotowa\u0107 na marynat\u0119 wino z li\u015bciem laurowym, pokrojon\u0105 w plasterki cebul\u0105, sol\u0105 i pieprzem. Schab op\u0142uka\u0107, wytrze\u0107 [&hellip;]<\/p>\n","protected":false},"author":2,"featured_media":0,"comment_status":"open","ping_status":"open","sticky":false,"template":"","format":"standard","meta":{"footnotes":""},"categories":[1],"tags":[],"_links":{"self":[{"href":"https:\/\/blog.polityka.pl\/adamczewski\/wp-json\/wp\/v2\/posts\/11101"}],"collection":[{"href":"https:\/\/blog.polityka.pl\/adamczewski\/wp-json\/wp\/v2\/posts"}],"about":[{"href":"https:\/\/blog.polityka.pl\/adamczewski\/wp-json\/wp\/v2\/types\/post"}],"author":[{"embeddable":true,"href":"https:\/\/blog.polityka.pl\/adamczewski\/wp-json\/wp\/v2\/users\/2"}],"replies":[{"embeddable":true,"href":"https:\/\/blog.polityka.pl\/adamczewski\/wp-json\/wp\/v2\/comments?post=11101"}],"version-history":[{"count":0,"href":"https:\/\/blog.polityka.pl\/adamczewski\/wp-json\/wp\/v2\/posts\/11101\/revisions"}],"wp:attachment":[{"href":"https:\/\/blog.polityka.pl\/adamczewski\/wp-json\/wp\/v2\/media?parent=11101"}],"wp:term":[{"taxonomy":"category","embeddable":true,"href":"https:\/\/blog.polityka.pl\/adamczewski\/wp-json\/wp\/v2\/categories?post=11101"},{"taxonomy":"post_tag","embeddable":true,"href":"https:\/\/blog.polityka.pl\/adamczewski\/wp-json\/wp\/v2\/tags?post=11101"}],"curies":[{"name":"wp","href":"https:\/\/api.w.org\/{rel}","templated":true}]}}