
{"id":11103,"date":"2012-05-25T06:21:59","date_gmt":"2012-05-25T05:21:59","guid":{"rendered":"http:\/\/adamczewscy.pl\/?p=3527"},"modified":"2012-05-25T06:21:59","modified_gmt":"2012-05-25T05:21:59","slug":"placek-rajski-ogrod","status":"publish","type":"post","link":"https:\/\/blog.polityka.pl\/adamczewski\/2012\/05\/25\/placek-rajski-ogrod\/","title":{"rendered":"Placek ?rajski ogr\u00f3d?"},"content":{"rendered":"<p><em>Opakowanie ciasta na pizz\u0119 w proszku, 2 opakowania mro\u017conych warzyw (powinny w nich by\u0107 kalafiory, marchew, papryka, broku\u0142y), puszka krojonych pomidor\u00f3w i 2 \u0142y\u017cki koncentratu pomidorowego, 2 dymki ze szczypiorem, szklanka startego \u017c\u00f3\u0142tego sera, s\u00f3l, pieprz, kilka ga\u0142\u0105zek \u015bwie\u017cego majeranku lub oregano, s\u00f3l, pieprz<br \/>\n<\/em><br \/>\n1. Przygotowa\u0107 ciasto wed\u0142ug przepisu, odstawi\u0107 do wyro\u015bni\u0119cia.<br \/>\n2. Mro\u017cone warzywa obgotowa\u0107 we wrz\u0105cej wodzie przez 5 minut.<br \/>\n3. Pomidory lekko rozdrobni\u0107 widelcem. Doda\u0107 koncentrat, wymiesza\u0107 sos. Posieka\u0107 bardzo drobno dymki.<br \/>\n3. Uformowa\u0107 na wy\u0142o\u017conej pergaminem blaszce du\u017c\u0105 pizz\u0119, posmarowa\u0107 sosem pomidorowym. Ugotowane warzywa u\u0142o\u017cy\u0107 na cie\u015bcie, posypa\u0107 cebul\u0105 i opr\u00f3szy\u0107 sol\u0105 oraz pieprzem, posypa\u0107 tak\u017ce startym serem.<br \/>\n4. Piec placek 35-40 minut w temperaturze oko\u0142o 225 st. C. <\/p>\n","protected":false},"excerpt":{"rendered":"<p>Opakowanie ciasta na pizz\u0119 w proszku, 2 opakowania mro\u017conych warzyw (powinny w nich by\u0107 kalafiory, marchew, papryka, broku\u0142y), puszka krojonych pomidor\u00f3w i 2 \u0142y\u017cki koncentratu pomidorowego, 2 dymki ze szczypiorem, szklanka startego \u017c\u00f3\u0142tego sera, s\u00f3l, pieprz, kilka ga\u0142\u0105zek \u015bwie\u017cego majeranku lub oregano, s\u00f3l, pieprz 1. Przygotowa\u0107 ciasto wed\u0142ug przepisu, odstawi\u0107 do wyro\u015bni\u0119cia. 2. Mro\u017cone warzywa [&hellip;]<\/p>\n","protected":false},"author":2,"featured_media":0,"comment_status":"open","ping_status":"open","sticky":false,"template":"","format":"standard","meta":{"footnotes":""},"categories":[1],"tags":[],"_links":{"self":[{"href":"https:\/\/blog.polityka.pl\/adamczewski\/wp-json\/wp\/v2\/posts\/11103"}],"collection":[{"href":"https:\/\/blog.polityka.pl\/adamczewski\/wp-json\/wp\/v2\/posts"}],"about":[{"href":"https:\/\/blog.polityka.pl\/adamczewski\/wp-json\/wp\/v2\/types\/post"}],"author":[{"embeddable":true,"href":"https:\/\/blog.polityka.pl\/adamczewski\/wp-json\/wp\/v2\/users\/2"}],"replies":[{"embeddable":true,"href":"https:\/\/blog.polityka.pl\/adamczewski\/wp-json\/wp\/v2\/comments?post=11103"}],"version-history":[{"count":0,"href":"https:\/\/blog.polityka.pl\/adamczewski\/wp-json\/wp\/v2\/posts\/11103\/revisions"}],"wp:attachment":[{"href":"https:\/\/blog.polityka.pl\/adamczewski\/wp-json\/wp\/v2\/media?parent=11103"}],"wp:term":[{"taxonomy":"category","embeddable":true,"href":"https:\/\/blog.polityka.pl\/adamczewski\/wp-json\/wp\/v2\/categories?post=11103"},{"taxonomy":"post_tag","embeddable":true,"href":"https:\/\/blog.polityka.pl\/adamczewski\/wp-json\/wp\/v2\/tags?post=11103"}],"curies":[{"name":"wp","href":"https:\/\/api.w.org\/{rel}","templated":true}]}}