
{"id":11105,"date":"2012-05-31T16:13:49","date_gmt":"2012-05-31T15:13:49","guid":{"rendered":"http:\/\/adamczewscy.pl\/?p=3530"},"modified":"2012-05-31T16:13:49","modified_gmt":"2012-05-31T15:13:49","slug":"babka-pasiak","status":"publish","type":"post","link":"https:\/\/blog.polityka.pl\/adamczewski\/2012\/05\/31\/babka-pasiak\/","title":{"rendered":"Babka pasiak"},"content":{"rendered":"<p><em>5 jajek, 2,5 szklanki m\u0105ki, 1,5 szklanki cukru, 2 \u0142y\u017cki proszku do pieczenia, szklanka oleju, 3 \u0142y\u017cki kakao, szklanka mineralnej wody gazowanej<br \/>\nDo posmarowania formy: \u0142y\u017cka mas\u0142a<br \/>\n<\/em><br \/>\n1. \u017b\u00f3\u0142tka utrze\u0107 z cukrem, doda\u0107 wymieszan\u0105 z proszkiem m\u0105k\u0119, wymiesza\u0107, doda\u0107 wod\u0119 gazowan\u0105 i olej, zn\u00f3w wymiesza\u0107.<br \/>\n2. Ubi\u0107 pian\u0119 z bia\u0142ek, doda\u0107 , delikatnie mieszaj\u0105c,  do ciasta.<br \/>\n3. Ciasto podzieli\u0107 na po\u0142owy: do jednej doda\u0107 kakao, do drugiej po\u0142owy ciasta doda\u0107 3 \u0142y\u017cki m\u0105ki i starannie wymiesza\u0107.<br \/>\n4. Posmarowa\u0107 lekko mas\u0142em form\u0119 babkow\u0105 i wlewa\u0107 po 2 &#8211; 3 \u0142y\u017cki obu ciast na przemiennie.<br \/>\n5. Piec babk\u0119 w temperaturze 180 st. C oko\u0142o 50 minut.<br \/>\n6. Mo\u017cna babk\u0119 posypa\u0107 cukrem pudrem. <\/p>\n","protected":false},"excerpt":{"rendered":"<p>5 jajek, 2,5 szklanki m\u0105ki, 1,5 szklanki cukru, 2 \u0142y\u017cki proszku do pieczenia, szklanka oleju, 3 \u0142y\u017cki kakao, szklanka mineralnej wody gazowanej Do posmarowania formy: \u0142y\u017cka mas\u0142a 1. \u017b\u00f3\u0142tka utrze\u0107 z cukrem, doda\u0107 wymieszan\u0105 z proszkiem m\u0105k\u0119, wymiesza\u0107, doda\u0107 wod\u0119 gazowan\u0105 i olej, zn\u00f3w wymiesza\u0107. 2. Ubi\u0107 pian\u0119 z bia\u0142ek, doda\u0107 , delikatnie mieszaj\u0105c, do [&hellip;]<\/p>\n","protected":false},"author":2,"featured_media":0,"comment_status":"open","ping_status":"open","sticky":false,"template":"","format":"standard","meta":{"footnotes":""},"categories":[1],"tags":[],"_links":{"self":[{"href":"https:\/\/blog.polityka.pl\/adamczewski\/wp-json\/wp\/v2\/posts\/11105"}],"collection":[{"href":"https:\/\/blog.polityka.pl\/adamczewski\/wp-json\/wp\/v2\/posts"}],"about":[{"href":"https:\/\/blog.polityka.pl\/adamczewski\/wp-json\/wp\/v2\/types\/post"}],"author":[{"embeddable":true,"href":"https:\/\/blog.polityka.pl\/adamczewski\/wp-json\/wp\/v2\/users\/2"}],"replies":[{"embeddable":true,"href":"https:\/\/blog.polityka.pl\/adamczewski\/wp-json\/wp\/v2\/comments?post=11105"}],"version-history":[{"count":0,"href":"https:\/\/blog.polityka.pl\/adamczewski\/wp-json\/wp\/v2\/posts\/11105\/revisions"}],"wp:attachment":[{"href":"https:\/\/blog.polityka.pl\/adamczewski\/wp-json\/wp\/v2\/media?parent=11105"}],"wp:term":[{"taxonomy":"category","embeddable":true,"href":"https:\/\/blog.polityka.pl\/adamczewski\/wp-json\/wp\/v2\/categories?post=11105"},{"taxonomy":"post_tag","embeddable":true,"href":"https:\/\/blog.polityka.pl\/adamczewski\/wp-json\/wp\/v2\/tags?post=11105"}],"curies":[{"name":"wp","href":"https:\/\/api.w.org\/{rel}","templated":true}]}}