
{"id":11107,"date":"2012-05-31T16:14:43","date_gmt":"2012-05-31T15:14:43","guid":{"rendered":"http:\/\/adamczewscy.pl\/?p=3532"},"modified":"2012-05-31T16:14:43","modified_gmt":"2012-05-31T15:14:43","slug":"pijany-kurczak","status":"publish","type":"post","link":"https:\/\/blog.polityka.pl\/adamczewski\/2012\/05\/31\/pijany-kurczak\/","title":{"rendered":"Pijany kurczak"},"content":{"rendered":"<p><em>2 podw\u00f3jne filety z piersi kurczaka, 6 &#8211; 8 \u0142y\u017cek sosu sojowego, 1\/2 szklanki czerwonego wytrawnego wina, du\u017ca cebula, s\u00f3l, pieprz, 2 z\u0105bki czosnku, szczypta chili, spora szczypta soli, 1\/2 szklanki oleju, gar\u015b\u0107 rodzynek<\/em><\/p>\n<p>1. Mi\u0119so umy\u0107, osuszy\u0107 i pokroi\u0107 na kawa\u0142ki nieco wi\u0119ksze, ni\u017c pude\u0142ko zapa\u0142ek.<br \/>\n2. Przygotowa\u0107 marynat\u0119 mieszaj\u0105c wino, sos sojowy, 3 \u0142y\u017cki oleju, pokrojon\u0105 w drobn\u0105 kostk\u0119 cebul\u0119 i przeci\u015bni\u0119ty przez prask\u0119 czosnek.<br \/>\n3. Do naczynia z marynat\u0105 w\u0142o\u017cy\u0107 kawa\u0142ki mi\u0119sa i wymiesza\u0107. Odstawi\u0107 na kilka godzin lub do nast\u0119pnego dnia.<br \/>\n4. Rozgrza\u0107 olej na patelni i sma\u017cy\u0107 partiami mi\u0119so tu\u017c przed podaniem. Po usma\u017ceniu wszystkich kawa\u0142k\u00f3w mi\u0119sa posypa\u0107 potraw\u0119 umytymi rodzynkami. <\/p>\n","protected":false},"excerpt":{"rendered":"<p>2 podw\u00f3jne filety z piersi kurczaka, 6 &#8211; 8 \u0142y\u017cek sosu sojowego, 1\/2 szklanki czerwonego wytrawnego wina, du\u017ca cebula, s\u00f3l, pieprz, 2 z\u0105bki czosnku, szczypta chili, spora szczypta soli, 1\/2 szklanki oleju, gar\u015b\u0107 rodzynek 1. Mi\u0119so umy\u0107, osuszy\u0107 i pokroi\u0107 na kawa\u0142ki nieco wi\u0119ksze, ni\u017c pude\u0142ko zapa\u0142ek. 2. Przygotowa\u0107 marynat\u0119 mieszaj\u0105c wino, sos sojowy, 3 [&hellip;]<\/p>\n","protected":false},"author":2,"featured_media":0,"comment_status":"open","ping_status":"open","sticky":false,"template":"","format":"standard","meta":{"footnotes":""},"categories":[1],"tags":[],"_links":{"self":[{"href":"https:\/\/blog.polityka.pl\/adamczewski\/wp-json\/wp\/v2\/posts\/11107"}],"collection":[{"href":"https:\/\/blog.polityka.pl\/adamczewski\/wp-json\/wp\/v2\/posts"}],"about":[{"href":"https:\/\/blog.polityka.pl\/adamczewski\/wp-json\/wp\/v2\/types\/post"}],"author":[{"embeddable":true,"href":"https:\/\/blog.polityka.pl\/adamczewski\/wp-json\/wp\/v2\/users\/2"}],"replies":[{"embeddable":true,"href":"https:\/\/blog.polityka.pl\/adamczewski\/wp-json\/wp\/v2\/comments?post=11107"}],"version-history":[{"count":0,"href":"https:\/\/blog.polityka.pl\/adamczewski\/wp-json\/wp\/v2\/posts\/11107\/revisions"}],"wp:attachment":[{"href":"https:\/\/blog.polityka.pl\/adamczewski\/wp-json\/wp\/v2\/media?parent=11107"}],"wp:term":[{"taxonomy":"category","embeddable":true,"href":"https:\/\/blog.polityka.pl\/adamczewski\/wp-json\/wp\/v2\/categories?post=11107"},{"taxonomy":"post_tag","embeddable":true,"href":"https:\/\/blog.polityka.pl\/adamczewski\/wp-json\/wp\/v2\/tags?post=11107"}],"curies":[{"name":"wp","href":"https:\/\/api.w.org\/{rel}","templated":true}]}}