
{"id":11108,"date":"2012-05-31T16:15:24","date_gmt":"2012-05-31T15:15:24","guid":{"rendered":"http:\/\/adamczewscy.pl\/?p=3533"},"modified":"2012-05-31T16:15:24","modified_gmt":"2012-05-31T15:15:24","slug":"miesny-placek-we-francuskim-ciescie","status":"publish","type":"post","link":"https:\/\/blog.polityka.pl\/adamczewski\/2012\/05\/31\/miesny-placek-we-francuskim-ciescie\/","title":{"rendered":"Mi\u0119sny placek we francuskim cie\u015bcie"},"content":{"rendered":"<p><em>2 opakowania gotowego ciasta francuskiego, opakowanie mro\u017conych warzyw, 30dag pieczarek, podw\u00f3jny filet z kurczaka, 3 jajka , 1\/2 szklanki \u015bmietany 18-proc. , po szczypcie utartej ga\u0142ki muszkato\u0142owej, mielonego pieprzu, soli, vegety, odrobina pieprzu zio\u0142owego, 3 \u0142y\u017cki oliwy z oliwek, \u0142y\u017cka tartej bu\u0142ki<\/em><\/p>\n<p>1. Pieczarki pokroi\u0107 w plasterki i podsma\u017cy\u0107 na \u0142y\u017cce oliwy. Mro\u017cone warzywa wrzuci\u0107 do wrz\u0105cej wody i ugotowa\u0107. Mi\u0119so pokroi\u0107 w plasterki w poprzek w\u0142\u00f3kien, posypa\u0107 przyprawami, obsma\u017cy\u0107 na \u0142y\u017cce oliwy.<br \/>\n2. Zmiksowa\u0107 \u015bmietan\u0119 z 2 jajkami, doprawi\u0107 sol\u0105, pieprzem i veget\u0105.<br \/>\n3. Blaszk\u0119 nieco mniejsz\u0105 od p\u0142ata francuskiego ciasta,  posmarowa\u0107 pozosta\u0142ym olejem, posypa\u0107 tart\u0105 bu\u0142k\u0105. Na dnie u\u0142o\u017cy\u0107 p\u0142at ciasta, w ten spos\u00f3b, aby ciasto zachodzi\u0142o tak\u017ce na boki.<br \/>\n4. Na p\u0142acie ciasta u\u0142o\u017cy\u0107 podsma\u017cone pieczarki, ugotowane warzywa i podsma\u017cone kawa\u0142ki mi\u0119sa,  posypa\u0107 przyprawami i zala\u0107 zmiksowanymi jajkami ze \u015bmietan\u0105. Placek nakry\u0107 drugim p\u0142atem ciasta,  sklei\u0107 brzegi obu plack\u00f3w, wierzch posmarowa\u0107 rozbitym dok\u0142adnie jajkiem, posypa\u0107 odrobin\u0105 ziaren sezamowych .<br \/>\n5. W piekarniku nagrzanym do 220 st. C piec oko\u0142o 35 minut.<br \/>\nPodawa\u0107 na gor\u0105co lub na zimno. <\/p>\n","protected":false},"excerpt":{"rendered":"<p>2 opakowania gotowego ciasta francuskiego, opakowanie mro\u017conych warzyw, 30dag pieczarek, podw\u00f3jny filet z kurczaka, 3 jajka , 1\/2 szklanki \u015bmietany 18-proc. , po szczypcie utartej ga\u0142ki muszkato\u0142owej, mielonego pieprzu, soli, vegety, odrobina pieprzu zio\u0142owego, 3 \u0142y\u017cki oliwy z oliwek, \u0142y\u017cka tartej bu\u0142ki 1. Pieczarki pokroi\u0107 w plasterki i podsma\u017cy\u0107 na \u0142y\u017cce oliwy. Mro\u017cone warzywa wrzuci\u0107 [&hellip;]<\/p>\n","protected":false},"author":2,"featured_media":0,"comment_status":"open","ping_status":"open","sticky":false,"template":"","format":"standard","meta":{"footnotes":""},"categories":[1],"tags":[],"_links":{"self":[{"href":"https:\/\/blog.polityka.pl\/adamczewski\/wp-json\/wp\/v2\/posts\/11108"}],"collection":[{"href":"https:\/\/blog.polityka.pl\/adamczewski\/wp-json\/wp\/v2\/posts"}],"about":[{"href":"https:\/\/blog.polityka.pl\/adamczewski\/wp-json\/wp\/v2\/types\/post"}],"author":[{"embeddable":true,"href":"https:\/\/blog.polityka.pl\/adamczewski\/wp-json\/wp\/v2\/users\/2"}],"replies":[{"embeddable":true,"href":"https:\/\/blog.polityka.pl\/adamczewski\/wp-json\/wp\/v2\/comments?post=11108"}],"version-history":[{"count":0,"href":"https:\/\/blog.polityka.pl\/adamczewski\/wp-json\/wp\/v2\/posts\/11108\/revisions"}],"wp:attachment":[{"href":"https:\/\/blog.polityka.pl\/adamczewski\/wp-json\/wp\/v2\/media?parent=11108"}],"wp:term":[{"taxonomy":"category","embeddable":true,"href":"https:\/\/blog.polityka.pl\/adamczewski\/wp-json\/wp\/v2\/categories?post=11108"},{"taxonomy":"post_tag","embeddable":true,"href":"https:\/\/blog.polityka.pl\/adamczewski\/wp-json\/wp\/v2\/tags?post=11108"}],"curies":[{"name":"wp","href":"https:\/\/api.w.org\/{rel}","templated":true}]}}