
{"id":11109,"date":"2012-05-31T16:16:30","date_gmt":"2012-05-31T15:16:30","guid":{"rendered":"http:\/\/adamczewscy.pl\/?p=3534"},"modified":"2012-05-31T16:16:30","modified_gmt":"2012-05-31T15:16:30","slug":"kotlety-z-sera-i-lososia","status":"publish","type":"post","link":"https:\/\/blog.polityka.pl\/adamczewski\/2012\/05\/31\/kotlety-z-sera-i-lososia\/","title":{"rendered":"Kotlety z sera i \u0142ososia"},"content":{"rendered":"<p><em>40 dag filetu z \u0142ososia, 2 dymki, po ma\u0142ej puszeczce konserwowego groszku i kukurydzy, 10 dag t\u0142ustego bia\u0142ego sera, sok z 1\/2 cytryny, jajko, 8 \u0142y\u017cek tartej bu\u0142ki, s\u00f3l, pieprz, 1\/4 szklanki oleju do sma\u017cenia<\/em><\/p>\n<p>1. Dymki wraz ze szczypiorkiem drobno posieka\u0107, ods\u0105czy\u0107 groszek i kukurydz\u0119 z zalewy.<br \/>\n2. Ryb\u0119 zemle\u0107 wraz z serem w maszynce.<br \/>\n3. Do zmielonej ryby doda\u0107 groszek, kukurydz\u0119, posiekan\u0105 cebulk\u0119, jajko, skropi\u0107 sokiem z cytryny i wsypa\u0107 6 \u0142y\u017cek tartej bu\u0142ki. Wyrobi\u0107 mas\u0119 doprawiaj\u0105c sol\u0105 i pieprzem.<br \/>\n4. Formowa\u0107 zwil\u017conymi r\u0119kami owalne niewielkie kotlety, panierowa\u0107 w tartej bu\u0142ce i sma\u017cy\u0107 na rozgrzanym oleju z obu stron na rumiano. Odk\u0142ada\u0107 na chwil\u0119 na kuchenny papierowy r\u0119cznik, aby ods\u0105czy\u0107 nadmiar t\u0142uszczu, podawa\u0107 z ziemniakami z wody i pikantn\u0105 sur\u00f3wk\u0105. <\/p>\n","protected":false},"excerpt":{"rendered":"<p>40 dag filetu z \u0142ososia, 2 dymki, po ma\u0142ej puszeczce konserwowego groszku i kukurydzy, 10 dag t\u0142ustego bia\u0142ego sera, sok z 1\/2 cytryny, jajko, 8 \u0142y\u017cek tartej bu\u0142ki, s\u00f3l, pieprz, 1\/4 szklanki oleju do sma\u017cenia 1. Dymki wraz ze szczypiorkiem drobno posieka\u0107, ods\u0105czy\u0107 groszek i kukurydz\u0119 z zalewy. 2. Ryb\u0119 zemle\u0107 wraz z serem w [&hellip;]<\/p>\n","protected":false},"author":2,"featured_media":0,"comment_status":"open","ping_status":"open","sticky":false,"template":"","format":"standard","meta":{"footnotes":""},"categories":[1],"tags":[],"_links":{"self":[{"href":"https:\/\/blog.polityka.pl\/adamczewski\/wp-json\/wp\/v2\/posts\/11109"}],"collection":[{"href":"https:\/\/blog.polityka.pl\/adamczewski\/wp-json\/wp\/v2\/posts"}],"about":[{"href":"https:\/\/blog.polityka.pl\/adamczewski\/wp-json\/wp\/v2\/types\/post"}],"author":[{"embeddable":true,"href":"https:\/\/blog.polityka.pl\/adamczewski\/wp-json\/wp\/v2\/users\/2"}],"replies":[{"embeddable":true,"href":"https:\/\/blog.polityka.pl\/adamczewski\/wp-json\/wp\/v2\/comments?post=11109"}],"version-history":[{"count":0,"href":"https:\/\/blog.polityka.pl\/adamczewski\/wp-json\/wp\/v2\/posts\/11109\/revisions"}],"wp:attachment":[{"href":"https:\/\/blog.polityka.pl\/adamczewski\/wp-json\/wp\/v2\/media?parent=11109"}],"wp:term":[{"taxonomy":"category","embeddable":true,"href":"https:\/\/blog.polityka.pl\/adamczewski\/wp-json\/wp\/v2\/categories?post=11109"},{"taxonomy":"post_tag","embeddable":true,"href":"https:\/\/blog.polityka.pl\/adamczewski\/wp-json\/wp\/v2\/tags?post=11109"}],"curies":[{"name":"wp","href":"https:\/\/api.w.org\/{rel}","templated":true}]}}